{"id":29943,"date":"2019-05-07T08:39:48","date_gmt":"2019-05-07T13:39:48","guid":{"rendered":"http:\/\/www.revistazetta.com\/?p=29943"},"modified":"2019-05-07T08:39:48","modified_gmt":"2019-05-07T13:39:48","slug":"llega-madre-mia-majestuoso-concierto-juan-carlos-coronel","status":"publish","type":"post","link":"https:\/\/revistazetta.com\/?p=29943","title":{"rendered":"Llega \u00abMadre M\u00eda\u00bb, el majestuoso concierto de Juan Carlos Coronel"},"content":{"rendered":"<p>De lo m\u00e1s esperando en los \u00faltimos tiempos en Cartagena por fin es una realidad JUAN CARLOS CORONEL en todo su esplendor dar\u00e1 un recital rom\u00e1ntico con su exitoso repertorio, destac\u00e1ndose el homenaje con los Cl\u00e1sicos de Jos\u00e9 Jos\u00e9, Boleros y m\u00e1s forman parte del repertorio de la gran noche de gala del viernes 24 de Mayo del 2019 en el Majestuoso Auditorio de Getseman\u00ed del Centro de Convenciones decorado exclusivamente para la ocasi\u00f3n por la reconocida artista Mary Cueter.<span class=\"Apple-converted-space\">\u00a0<\/span><\/p>\n<p>Coronel recrea la vida e historia de Jos\u00e9 Jos\u00e9 en el exitoso \u00e1lbum \u201cDe un Coronel a un Pr\u00edncipe\u201d el cual fue avalado por el mismo \u00eddolo mexicano que apadrin\u00f3 el proyecto y le expres\u00f3 los m\u00e1s grandes elogios por sus cualidades como cantante e interprete y que reconoci\u00f3 que ha sido el \u00fanico que le supero su calidad art\u00edstica.<span class=\"Apple-converted-space\">\u00a0<\/span><\/p>\n<p>Este testimonio quedo grabado en un video durante el lanzamiento del disco y homenaje a Jos\u00e9 Jos\u00e9 en M\u00e9xico.<\/p>\n<p><b>CORONEL DE MUCHOS MERITOS<span class=\"Apple-converted-space\">\u00a0<\/span><\/b><\/p>\n<p>No se conoce otro latino en la historia musical reciente en haber estado grabando en Cap\u00edtol Records en Hollywood con el productor m\u00e1s importante de los Estados unidos Jorge Calandrelli y cantando al lado de la Big Band Jazz con la Orquesta Sinf\u00f3nica de los \u00c1ngeles haciendo los cl\u00e1sicos de la The Great American SongBook, los cl\u00e1sicos del jazz norteamericano y de sus Iconos del jazz como Frank Sinatra, Tony Bennett, Nat King Cole, Louis Amstrong, Sammy Davis Jr, poder interpretarlos y llevarlos al espa\u00f1ol, con el mismo productor de Rod Steward, de Celine Dion, de B\u00e1rbara Streissan, de Tony Bennett, De Pl\u00e1cido Domingo Andrea Bocelli Lady Gaga, entre otros.<span class=\"Apple-converted-space\">\u00a0<\/span><\/p>\n<p><b>THE LATIN CROONER<span class=\"Apple-converted-space\">\u00a0<\/span><\/b><\/p>\n<p>Coronel se destaca por su gran versatilidad y capacidad sobrenatural para interpretar diferentes g\u00e9neros con una calidad impecable, que los entendidos lo consideran la mejor voz cantante en Colombia, con sobrados m\u00e9ritos podr\u00eda decirse que es un aut\u00e9ntico Lat\u00edn Crooner.<span class=\"Apple-converted-space\">\u00a0<\/span><\/p>\n<p><b>EL TOUR ROMANTICO<span class=\"Apple-converted-space\">\u00a0<\/span><\/b><\/p>\n<p>Coronel y toda su tropa se dispone cumplir la tan esperada gira de conciertos rom\u00e1nticos por Colombia y para ello inicia en el mes de mayo con un homenaje al ser m\u00e1s querido para todos<span class=\"Apple-converted-space\">\u00a0<\/span>despu\u00e9s de Dios, con el Tour \u201c Madre M\u00eda\u201d cumpliendo llamados en Cali, Bogot\u00e1, Medell\u00edn, Cartagena, Pereira, Monter\u00eda, Villavicencio.<\/p>\n<p><b>LATIN GRAMMY<span class=\"Apple-converted-space\">\u00a0<\/span><\/b><\/p>\n<p>Hay que valorar todos los esfuerzo para finalmente llevar este majestuoso show y una puesta en escena impecable del gran ganador del Grammy Latino en el G\u00e9nero Cumbia con el Homenaje a Jos\u00e9 Barros, quien con todo el esplendor de su voz, de su repertorio y de una banda de diez m\u00fasicos lo acompa\u00f1an en todas sus giras internacionales.<span class=\"Apple-converted-space\">\u00a0<\/span><\/p>\n<p>Homenajes a iconos sonoros de la m\u00fasica latina se incluyen en su repertorio rom\u00e1ntico: Lucho Berm\u00fadez, Jos\u00e9 Barros, Jos\u00e9 A Morales, Jorge Villamil, Jaime Echavarr\u00eda, Leo Marini, Bobby Cap\u00f3, Vicentico Vald\u00e9s, Celio Gonz\u00e1lez y recientemente Jos\u00e9 Jos\u00e9.<span class=\"Apple-converted-space\">\u00a0<\/span><\/p>\n<p>La revista norteamericana Billboard lo ubic\u00f3 en la segunda casilla con el \u00e1lbum \u201cLenguaje Universal\u201d como entre los 10 mejores de todos los tiempos en Colombia.<span class=\"Apple-converted-space\">\u00a0<\/span><\/p>\n<p><b>GRABACION DEL DVD \u201cLENGUAJE UNIVERSAL\u201d<span class=\"Apple-converted-space\">\u00a0<\/span><\/b><\/p>\n<p>Juan Carlos Coronel est\u00e1 pr\u00f3ximo a producir y grabar un DVD en el majestuoso Teatro Col\u00f3n de Bogot\u00e1 con m\u00e1s de ochocientos invitados, estar\u00e1 interpretando las obras cl\u00e1sicas de su \u00e1lbum Lenguaje Universal m\u00e1s otras canciones que tienen que ver con su cancionero mundial y estar\u00e1 acompa\u00f1ado por una Big Band y una Orquesta Sinf\u00f3nica, con m\u00e1s de cincuenta m\u00fasicos<span class=\"Apple-converted-space\">\u00a0<\/span><\/p>\n","protected":false},"excerpt":{"rendered":"<p>De lo m\u00e1s esperando en los \u00faltimos tiempos en Cartagena por fin es una realidad JUAN CARLOS CORONEL en todo su esplendor dar\u00e1 un recital rom\u00e1ntico con su exitoso repertorio, destac\u00e1ndose el homenaje con los Cl\u00e1sicos de Jos\u00e9 Jos\u00e9, Boleros y m\u00e1s forman parte del repertorio de la gran noche de gala del viernes 24 de Mayo del 2019 en el Majestuoso Auditorio de Getseman\u00ed del Centro de Convenciones decorado exclusivamente para la ocasi\u00f3n por la reconocida artista Mary Cueter.\u00a0 Coronel recrea la vida e historia de Jos\u00e9 Jos\u00e9 en&#8230; <\/p>\n","protected":false},"author":3,"featured_media":29944,"comment_status":"open","ping_status":"closed","sticky":false,"template":"","format":"standard","meta":{"footnotes":"","_links_to":"","_links_to_target":""},"categories":[41,75,43],"tags":[],"class_list":["post-29943","post","type-post","status-publish","format-standard","has-post-thumbnail","hentry","category-cultura","category-destacada","category-cultura-musica"],"_links":{"self":[{"href":"https:\/\/revistazetta.com\/index.php?rest_route=\/wp\/v2\/posts\/29943","targetHints":{"allow":["GET"]}}],"collection":[{"href":"https:\/\/revistazetta.com\/index.php?rest_route=\/wp\/v2\/posts"}],"about":[{"href":"https:\/\/revistazetta.com\/index.php?rest_route=\/wp\/v2\/types\/post"}],"author":[{"embeddable":true,"href":"https:\/\/revistazetta.com\/index.php?rest_route=\/wp\/v2\/users\/3"}],"replies":[{"embeddable":true,"href":"https:\/\/revistazetta.com\/index.php?rest_route=%2Fwp%2Fv2%2Fcomments&post=29943"}],"version-history":[{"count":0,"href":"https:\/\/revistazetta.com\/index.php?rest_route=\/wp\/v2\/posts\/29943\/revisions"}],"wp:featuredmedia":[{"embeddable":true,"href":"https:\/\/revistazetta.com\/index.php?rest_route=\/wp\/v2\/media\/29944"}],"wp:attachment":[{"href":"https:\/\/revistazetta.com\/index.php?rest_route=%2Fwp%2Fv2%2Fmedia&parent=29943"}],"wp:term":[{"taxonomy":"category","embeddable":true,"href":"https:\/\/revistazetta.com\/index.php?rest_route=%2Fwp%2Fv2%2Fcategories&post=29943"},{"taxonomy":"post_tag","embeddable":true,"href":"https:\/\/revistazetta.com\/index.php?rest_route=%2Fwp%2Fv2%2Ftags&post=29943"}],"curies":[{"name":"wp","href":"https:\/\/api.w.org\/{rel}","templated":true}]}}