{"id":29947,"date":"2019-05-07T20:47:10","date_gmt":"2019-05-08T01:47:10","guid":{"rendered":"http:\/\/www.revistazetta.com\/?p=29947"},"modified":"2019-05-07T20:47:10","modified_gmt":"2019-05-08T01:47:10","slug":"la-jep-acorralada-opinion-danilo-contreras","status":"publish","type":"post","link":"https:\/\/revistazetta.com\/?p=29947","title":{"rendered":"La JEP acorralada &#8211; Opini\u00f3n de Danilo Contreras"},"content":{"rendered":"<p><span style=\"color: #003366;\"><strong>Por Danilo Contreras (Especial para Revista Zetta).-<\/strong><\/span>\u00a0Un cap\u00edtulo in\u00e9dito de inquietantes consecuencias parece iniciarse por cuenta de la solicitud de la JEP ante la Comisi\u00f3n Interamericana de Derechos Humanos para presentar un resumen de los avances, retos y desaf\u00edos de esa jurisdicci\u00f3n para aclimatar la paz.<\/p>\n<p>Con una rudeza que tropieza con las m\u00ednimas formas de la diplomacia, la canciller\u00eda de Colombia solicito a la CIDH cancelar la convocatoria para escuchar a la JEP, solicitud que, prontamente, fue desechada por el organismo internacional aduciendo que, en efecto, el art\u00edculo 60 de su reglamento prev\u00e9 la posibilidad de audiencias con la finalidad de recibir informaci\u00f3n general relacionada con derechos humanos cuya garant\u00eda es la raz\u00f3n de ser de la comisi\u00f3n.<\/p>\n<p>Los ataques a la JEP son reiterados y este episodio es la \u00faltima expresi\u00f3n de una larga lista de diversos m\u00e9todos que se utilizan para asfixiarla.<\/p>\n<p>Desde su creaci\u00f3n, los sectores m\u00e1s radicales opuestos a las negociaciones de paz con las Farc, la descalificaron como un organismo dise\u00f1ado para absolver las ominosas faltas cometidas en el conflicto. Su conformaci\u00f3n ha sido denunciada por el supuesto sesgo ideol\u00f3gico de sus magistrados, afirmaci\u00f3n que desconoce el respeto m\u00ednimo a la trayectoria profesional de los juristas que actualmente desempe\u00f1an esas magistraturas. Bueno, lo del respeto es solo una expresi\u00f3n candorosa pues lo \u00e1spero de la actividad pol\u00edtica nacional es ajena a ese valor que en el fondo es la paz. La paz es el respeto.<\/p>\n<p>Corrupci\u00f3n es el ep\u00edteto m\u00e1s benigno con que sus enemigos suelen tratar a la JEP y a punta de suspicacias han minado cada paso y cada procedimiento que emprende este tribunal para dar cumplimiento a sus fines constitucionales.<\/p>\n<p>Imagino que este memorial tambi\u00e9n podr\u00eda tacharse como panfleto comunista y tergiversador por los detractores de la JEP, pero los hechos no dejan duda, a menos que la superstici\u00f3n sea la gu\u00eda. Hace varias semana el senador Uribe, l\u00edder de la oposici\u00f3n al gobierno, digo, a la JEP, espeto v\u00eda twitter que respaldaba las objeciones, pero que prefer\u00eda su eliminaci\u00f3n. Explicaci\u00f3n no pedida, confesi\u00f3n manifiesta, suelen decir los abogados.<\/p>\n<p>Las trampas est\u00e1n tendidas por todas partes. El plan nacional de desarrollo, seg\u00fan se ha sabido consagra una disposici\u00f3n que le da autonom\u00eda a la unidad de investigaci\u00f3n de la JEP, con lo cual la jurisdicci\u00f3n pierde autonom\u00eda en el manejo de sus recursos. Las objeciones a la JEP constituyen el principal episodio que prueba el acorralamiento de que es victima esa entidad. Esta es una novela cuyo desenlace a\u00fan est\u00e1 pendiente.<\/p>\n<p>El sentido com\u00fan, erradamente se\u00f1alado por el fil\u00f3sofo, como el mejor repartido de los sentidos, indica que el objetivo es destruir la columna vertebral del proceso de paz: La JEP.<\/p>\n<p>Queda claro que la pol\u00edtica exterior se anota una nueva derrota. La diplomacia que es un atributo de la civilizaci\u00f3n, no parece ser el fuerte del gobierno. Tal vez por esto Ordo\u00f1ez funge como embajador y el pa\u00eds sigue caminando hacia la oscuridad.<\/p>\n","protected":false},"excerpt":{"rendered":"<p>Por Danilo Contreras (Especial para Revista Zetta).-\u00a0Un cap\u00edtulo in\u00e9dito de inquietantes consecuencias parece iniciarse por cuenta de la solicitud de la JEP ante la Comisi\u00f3n Interamericana de Derechos Humanos para presentar un resumen de los avances, retos y desaf\u00edos de esa jurisdicci\u00f3n para aclimatar la paz. Con una rudeza que tropieza con las m\u00ednimas formas de la diplomacia, la canciller\u00eda de Colombia solicito a la CIDH cancelar la convocatoria para escuchar a la JEP, solicitud que, prontamente, fue desechada por el organismo internacional aduciendo que, en efecto, el art\u00edculo 60&#8230; <\/p>\n","protected":false},"author":3,"featured_media":29948,"comment_status":"open","ping_status":"closed","sticky":false,"template":"","format":"standard","meta":{"footnotes":"","_links_to":"","_links_to_target":""},"categories":[75,44,65],"tags":[],"class_list":["post-29947","post","type-post","status-publish","format-standard","has-post-thumbnail","hentry","category-destacada","category-materiagris","category-opinion"],"_links":{"self":[{"href":"https:\/\/revistazetta.com\/index.php?rest_route=\/wp\/v2\/posts\/29947","targetHints":{"allow":["GET"]}}],"collection":[{"href":"https:\/\/revistazetta.com\/index.php?rest_route=\/wp\/v2\/posts"}],"about":[{"href":"https:\/\/revistazetta.com\/index.php?rest_route=\/wp\/v2\/types\/post"}],"author":[{"embeddable":true,"href":"https:\/\/revistazetta.com\/index.php?rest_route=\/wp\/v2\/users\/3"}],"replies":[{"embeddable":true,"href":"https:\/\/revistazetta.com\/index.php?rest_route=%2Fwp%2Fv2%2Fcomments&post=29947"}],"version-history":[{"count":0,"href":"https:\/\/revistazetta.com\/index.php?rest_route=\/wp\/v2\/posts\/29947\/revisions"}],"wp:featuredmedia":[{"embeddable":true,"href":"https:\/\/revistazetta.com\/index.php?rest_route=\/wp\/v2\/media\/29948"}],"wp:attachment":[{"href":"https:\/\/revistazetta.com\/index.php?rest_route=%2Fwp%2Fv2%2Fmedia&parent=29947"}],"wp:term":[{"taxonomy":"category","embeddable":true,"href":"https:\/\/revistazetta.com\/index.php?rest_route=%2Fwp%2Fv2%2Fcategories&post=29947"},{"taxonomy":"post_tag","embeddable":true,"href":"https:\/\/revistazetta.com\/index.php?rest_route=%2Fwp%2Fv2%2Ftags&post=29947"}],"curies":[{"name":"wp","href":"https:\/\/api.w.org\/{rel}","templated":true}]}}