{"id":29949,"date":"2019-05-07T22:10:33","date_gmt":"2019-05-08T03:10:33","guid":{"rendered":"http:\/\/www.revistazetta.com\/?p=29949"},"modified":"2019-05-07T22:11:29","modified_gmt":"2019-05-08T03:11:29","slug":"congestion-firmas-van-11-grupos-aspirante-alcaldia","status":"publish","type":"post","link":"https:\/\/revistazetta.com\/?p=29949","title":{"rendered":"Congesti\u00f3n por firmas: van 11 grupos con aspirante a Alcald\u00eda"},"content":{"rendered":"<p>La gente en la calle sentir\u00e1 el \u201cacoso\u201d por su aut\u00f3grafo: al menos 11 grupos significativos de ciudadanos est\u00e1n buscando firmas para sus aspirantes a la Alcald\u00eda de Cartagena.<\/p>\n<p>Hay de todos los colores y sabores: desde los que representan opciones serias, refrescantes o renovadoras, hasta los que quieren satisfacer egos, medir fuerzas o simplemente mojar prensa.<\/p>\n<p>Todos deber\u00e1n llevar las firmas a la Registradur\u00eda Nacional del Estado Civil, entidad que las revisar\u00e1 y contar\u00e1. Si hay 50 mil firmas v\u00e1lidas, entonces el aspirante podr\u00e1 completar otros requisitos y finalmente inscribirse como candidato a la Alcald\u00eda.<\/p>\n<p>Seg\u00fan el calendario electoral, hasta el 27 de junio hay tiempo para inscribir Grupos Significativos de Ciudadanos. Ese mismo d\u00eda y por un mes estar\u00e1 abierta la inscripci\u00f3n de candidatos a gobernaciones y alcald\u00edas, y listas a concejos y asambleas.<\/p>\n<p>Estos son los grupos inscritos para la Alcald\u00eda de Cartagena:<\/p>\n<ol>\n<li>Cartagena Sonr\u00ede (Rosmery Torres S\u00e1enz).<\/li>\n<li>INRI-PFR (Karina Amalia Sierra N\u00fa\u00f1ez).<\/li>\n<li>Compromiso Ciudadano por Cartagena (Claudia P\u00eda Fadul Rosa).<\/li>\n<li>\u00a1Basta Ya, Actuemos! (Germ\u00e1n N\u00e9stor Viana Guerrero).<\/li>\n<li>Cambiemos (Jaime Ricardo Hern\u00e1ndez Am\u00edn).<\/li>\n<li>Cartagena Heroica (\u00c9dinson Lucio Torres).<\/li>\n<li>Por la Cartagena que Todos Queremos (Domingo Puello Ripoll).<\/li>\n<li>Equipo Acci\u00f3n Heroica por Cartagena (Juan Francisco Conrado Ovalle).<\/li>\n<li>Remar con Transparencia (Ramiro Mestra Ramos)<\/li>\n<li>Juntos Haremos el Cambio (Fernando Ara\u00fajo Perdomo).<\/li>\n<li>Es tiempo de Reconstruir a Cartagena (Alcides Arrieta Meza).<\/li>\n<\/ol>\n","protected":false},"excerpt":{"rendered":"<p>La gente en la calle sentir\u00e1 el \u201cacoso\u201d por su aut\u00f3grafo: al menos 11 grupos significativos de ciudadanos est\u00e1n buscando firmas para sus aspirantes a la Alcald\u00eda de Cartagena. Hay de todos los colores y sabores: desde los que representan opciones serias, refrescantes o renovadoras, hasta los que quieren satisfacer egos, medir fuerzas o simplemente mojar prensa. Todos deber\u00e1n llevar las firmas a la Registradur\u00eda Nacional del Estado Civil, entidad que las revisar\u00e1 y contar\u00e1. Si hay 50 mil firmas v\u00e1lidas, entonces el aspirante podr\u00e1 completar otros requisitos y finalmente&#8230; <\/p>\n","protected":false},"author":3,"featured_media":29950,"comment_status":"open","ping_status":"closed","sticky":false,"template":"","format":"standard","meta":{"footnotes":"","_links_to":"","_links_to_target":""},"categories":[75,4],"tags":[],"class_list":["post-29949","post","type-post","status-publish","format-standard","has-post-thumbnail","hentry","category-destacada","category-politica"],"_links":{"self":[{"href":"https:\/\/revistazetta.com\/index.php?rest_route=\/wp\/v2\/posts\/29949","targetHints":{"allow":["GET"]}}],"collection":[{"href":"https:\/\/revistazetta.com\/index.php?rest_route=\/wp\/v2\/posts"}],"about":[{"href":"https:\/\/revistazetta.com\/index.php?rest_route=\/wp\/v2\/types\/post"}],"author":[{"embeddable":true,"href":"https:\/\/revistazetta.com\/index.php?rest_route=\/wp\/v2\/users\/3"}],"replies":[{"embeddable":true,"href":"https:\/\/revistazetta.com\/index.php?rest_route=%2Fwp%2Fv2%2Fcomments&post=29949"}],"version-history":[{"count":0,"href":"https:\/\/revistazetta.com\/index.php?rest_route=\/wp\/v2\/posts\/29949\/revisions"}],"wp:featuredmedia":[{"embeddable":true,"href":"https:\/\/revistazetta.com\/index.php?rest_route=\/wp\/v2\/media\/29950"}],"wp:attachment":[{"href":"https:\/\/revistazetta.com\/index.php?rest_route=%2Fwp%2Fv2%2Fmedia&parent=29949"}],"wp:term":[{"taxonomy":"category","embeddable":true,"href":"https:\/\/revistazetta.com\/index.php?rest_route=%2Fwp%2Fv2%2Fcategories&post=29949"},{"taxonomy":"post_tag","embeddable":true,"href":"https:\/\/revistazetta.com\/index.php?rest_route=%2Fwp%2Fv2%2Ftags&post=29949"}],"curies":[{"name":"wp","href":"https:\/\/api.w.org\/{rel}","templated":true}]}}