{"id":30165,"date":"2019-05-23T20:45:01","date_gmt":"2019-05-24T01:45:01","guid":{"rendered":"http:\/\/www.revistazetta.com\/?p=30165"},"modified":"2019-05-23T20:45:01","modified_gmt":"2019-05-24T01:45:01","slug":"empresarios-comienzan-apostarle-las-fiestas-independencia-2019","status":"publish","type":"post","link":"https:\/\/revistazetta.com\/?p=30165","title":{"rendered":"Empresarios comienzan a apostarle a las Fiestas de Independencia 2019"},"content":{"rendered":"<p>La Alcald\u00eda de Cartagena a trav\u00e9s del Instituto de Patrimonio y Cultura de Cartagena (IPCC) socializ\u00f3 el proyecto de Fiestas de Independencia 2019 con agremiaciones, instituciones p\u00fablicas y privadas.<\/p>\n<p>En compa\u00f1\u00eda de los lanceros de las Fiestas de Independencia 2018 y la actual Reina de Independencia 2018, el director del IPCC, Iv\u00e1n Sanes socializ\u00f3 la apuesta institucional para fortalecer el encuentro cultural m\u00e1s importante de la ciudad resaltando el rotundo \u00e9xito del a\u00f1o anterior.<\/p>\n<p>Sanes destac\u00f3 los resultados que arroj\u00f3 la Encuesta de Percepci\u00f3n Ciudadana presentada por el programa\u00a0Cartagena C\u00f3mo Vamos, que evidencian un incremento en la participaci\u00f3n de los cartageneros en las Fiestas de Independencia de un 30% a un 36%, convirtiendo a este magno evento en la actividad cultural m\u00e1s concurrida y con mayor aceptaci\u00f3n por los ciudadanos.<\/p>\n<p>En 2018, las Fiestas de Independencia contaron con 30 eventos con un aforo total de 350 mil personas en las tres localidades. Solo en el Desfile de Fiestas de Independencia participaron 154 grupos folcl\u00f3ricos, tr\u00e1ilers y comparsas.<br \/>\n\u201cEscuchamos el aporte de los empresarios y l\u00edderes de agremiaciones entendiendo que es una manifestaci\u00f3n cultural que est\u00e1 en constante trasformaci\u00f3n. Con el apoyo de todos ellos vamos a seguir construyendo las Fiestas de Independencia del 11 de Noviembre\u201d, apunt\u00f3 el director del IPCC.<\/p>\n<p>A su vez, empresarios se comprometieron a seguir trabajando en la realizaci\u00f3n de unas fiestas dignas. \u201cNosotros siempre hemos estado vinculados a las Fiestas de Independencia con comparsas o con otros eventos. Hoy en d\u00eda las fiestas denotan mayor participaci\u00f3n con los cabildos, bandos, los liceos y dem\u00e1s, por eso queremos participar en cualquier encuentro de tipo cultural,\u201d, asegur\u00f3 Roberto Amor, Presidente del Club de Profesionales Universitarios.<\/p>\n<p>IPCC continuar\u00e1 convocando estas reuniones para acoger el apoyo de muchas m\u00e1s empresas cartageneras. Para 2019, las Fiestas de Independencia del 11 de Noviembre prometen traer grandes artistas, homenajear la m\u00fasica cartagenera y exaltar la riqueza cultural de Cartagena.<\/p>\n","protected":false},"excerpt":{"rendered":"<p>La Alcald\u00eda de Cartagena a trav\u00e9s del Instituto de Patrimonio y Cultura de Cartagena (IPCC) socializ\u00f3 el proyecto de Fiestas de Independencia 2019 con agremiaciones, instituciones p\u00fablicas y privadas. En compa\u00f1\u00eda de los lanceros de las Fiestas de Independencia 2018 y la actual Reina de Independencia 2018, el director del IPCC, Iv\u00e1n Sanes socializ\u00f3 la apuesta institucional para fortalecer el encuentro cultural m\u00e1s importante de la ciudad resaltando el rotundo \u00e9xito del a\u00f1o anterior. Sanes destac\u00f3 los resultados que arroj\u00f3 la Encuesta de Percepci\u00f3n Ciudadana presentada por el programa\u00a0Cartagena C\u00f3mo&#8230; <\/p>\n","protected":false},"author":3,"featured_media":30166,"comment_status":"open","ping_status":"closed","sticky":false,"template":"","format":"standard","meta":{"footnotes":"","_links_to":"","_links_to_target":""},"categories":[75,41],"tags":[],"class_list":["post-30165","post","type-post","status-publish","format-standard","has-post-thumbnail","hentry","category-destacada","category-cultura"],"_links":{"self":[{"href":"https:\/\/revistazetta.com\/index.php?rest_route=\/wp\/v2\/posts\/30165","targetHints":{"allow":["GET"]}}],"collection":[{"href":"https:\/\/revistazetta.com\/index.php?rest_route=\/wp\/v2\/posts"}],"about":[{"href":"https:\/\/revistazetta.com\/index.php?rest_route=\/wp\/v2\/types\/post"}],"author":[{"embeddable":true,"href":"https:\/\/revistazetta.com\/index.php?rest_route=\/wp\/v2\/users\/3"}],"replies":[{"embeddable":true,"href":"https:\/\/revistazetta.com\/index.php?rest_route=%2Fwp%2Fv2%2Fcomments&post=30165"}],"version-history":[{"count":0,"href":"https:\/\/revistazetta.com\/index.php?rest_route=\/wp\/v2\/posts\/30165\/revisions"}],"wp:featuredmedia":[{"embeddable":true,"href":"https:\/\/revistazetta.com\/index.php?rest_route=\/wp\/v2\/media\/30166"}],"wp:attachment":[{"href":"https:\/\/revistazetta.com\/index.php?rest_route=%2Fwp%2Fv2%2Fmedia&parent=30165"}],"wp:term":[{"taxonomy":"category","embeddable":true,"href":"https:\/\/revistazetta.com\/index.php?rest_route=%2Fwp%2Fv2%2Fcategories&post=30165"},{"taxonomy":"post_tag","embeddable":true,"href":"https:\/\/revistazetta.com\/index.php?rest_route=%2Fwp%2Fv2%2Ftags&post=30165"}],"curies":[{"name":"wp","href":"https:\/\/api.w.org\/{rel}","templated":true}]}}