{"id":30167,"date":"2019-05-23T20:59:19","date_gmt":"2019-05-24T01:59:19","guid":{"rendered":"http:\/\/www.revistazetta.com\/?p=30167"},"modified":"2019-05-23T20:59:19","modified_gmt":"2019-05-24T01:59:19","slug":"presidente-duque-anuncia-delitos-la-mujer-los-ninos-seran-prioridad-politica-la-la-paga","status":"publish","type":"post","link":"https:\/\/revistazetta.com\/?p=30167","title":{"rendered":"Presidente Duque anuncia que delitos contra la mujer y los ni\u00f1os ser\u00e1n prioridad en pol\u00edtica \u2018El que la hace la paga\u2019"},"content":{"rendered":"<p><strong>El Carmen de Bol\u00edvar, Bol\u00edvar, 23 de mayo de 2019.\u00a0<\/strong>\u201cLos delitos de violencia contra la mujer, contra los ni\u00f1os, ser\u00e1n prioridad en el desarrollo de la campa\u00f1a \u2018El que la hace la paga\u201d, anunci\u00f3 este jueves el Presidente de la Rep\u00fablica, Iv\u00e1n Duque M\u00e1rquez, al t\u00e9rmino de un consejo de seguridad realizado en el municipio de El\u00a0Carmen de Bol\u00edvar.<\/p>\n<p>El Mandatario, que estuvo acompa\u00f1ado, entre otros, por el Ministro de Defensa, Guillermo Botero, la c\u00fapula de las Fuerzas Armadas, los gobernadores de Bol\u00edvar, Dumek Turbay, y de Sucre, \u00c9dgar Enrique Mart\u00ednez; al igual que del alcalde de El Carmen de Bol\u00edvar, Rafael Gallo, se\u00f1al\u00f3 que en la lucha contra la criminalidad es fundamental la participaci\u00f3n de la comunidad a trav\u00e9s de la Red de Participaci\u00f3n C\u00edvica.<\/p>\n<p>\u201cEsto nos permitir\u00e1 ser m\u00e1s efectivos, eso nos permitir\u00e1 trabajar mucho m\u00e1s de la mano con la comunidad, para atender las alertas tempranas y para poder enfrentar amenazas\u201d, asegur\u00f3.<\/p>\n<p><strong>M\u00e1s seguridad<\/strong><\/p>\n<p>El Presidente Duque anunci\u00f3 el compromiso de su Gobierno con la regi\u00f3n para enfrentar delitos como el abigeato.<\/p>\n<p>\u201cLo vamos a hacer sobre la base de haber sancionado la Ley que no solamente tipifica con m\u00e1s crudeza la sanci\u00f3n a este delito, sino que con los mecanismos que tenemos de denuncia ciudadana esperamos llegar al coraz\u00f3n de sus estructuras criminales\u201d, se\u00f1al\u00f3.<\/p>\n<p>Anunci\u00f3 que se priorizar\u00e1 la lucha contra el microtr\u00e1fico para evitar que siga \u201cen las calles envenenando a la juventud de los municipios de los Montes de Mar\u00eda\u201d, y destac\u00f3 la existencia de la l\u00ednea 167, para que los ciudadanos denuncien y den aviso oportuno.<\/p>\n<p>Adem\u00e1s de resaltar los avances en seguridad tras \u201cimportantes operaciones que han dado con capturas de miembros de grupos armados ilegales\u201d, el Jefe de Estado agradeci\u00f3 el entusiasmo y el gran afecto de la comunidad por la Fuerza P\u00fablica.<\/p>\n<p>Finalmente, asever\u00f3 que, para fortalecer la presencia integral del Estado en la zona, se implementar\u00e1 el programa Colombia Rural, que extiende y mejora las v\u00edas terciarias, al igual que otros de car\u00e1cter social como la atenci\u00f3n escolar integral y la protecci\u00f3n del adulto mayor, con el fin de \u201catender una regi\u00f3n que ha sido hist\u00f3ricamente golpeada por la violencia\u201d.<\/p>\n","protected":false},"excerpt":{"rendered":"<p>El Carmen de Bol\u00edvar, Bol\u00edvar, 23 de mayo de 2019.\u00a0\u201cLos delitos de violencia contra la mujer, contra los ni\u00f1os, ser\u00e1n prioridad en el desarrollo de la campa\u00f1a \u2018El que la hace la paga\u201d, anunci\u00f3 este jueves el Presidente de la Rep\u00fablica, Iv\u00e1n Duque M\u00e1rquez, al t\u00e9rmino de un consejo de seguridad realizado en el municipio de El\u00a0Carmen de Bol\u00edvar. El Mandatario, que estuvo acompa\u00f1ado, entre otros, por el Ministro de Defensa, Guillermo Botero, la c\u00fapula de las Fuerzas Armadas, los gobernadores de Bol\u00edvar, Dumek Turbay, y de Sucre, \u00c9dgar Enrique&#8230; <\/p>\n","protected":false},"author":3,"featured_media":30168,"comment_status":"open","ping_status":"closed","sticky":false,"template":"","format":"standard","meta":{"footnotes":"","_links_to":"","_links_to_target":""},"categories":[2,75,35],"tags":[],"class_list":["post-30167","post","type-post","status-publish","format-standard","has-post-thumbnail","hentry","category-actualidad","category-destacada","category-actualidad-nacion"],"_links":{"self":[{"href":"https:\/\/revistazetta.com\/index.php?rest_route=\/wp\/v2\/posts\/30167","targetHints":{"allow":["GET"]}}],"collection":[{"href":"https:\/\/revistazetta.com\/index.php?rest_route=\/wp\/v2\/posts"}],"about":[{"href":"https:\/\/revistazetta.com\/index.php?rest_route=\/wp\/v2\/types\/post"}],"author":[{"embeddable":true,"href":"https:\/\/revistazetta.com\/index.php?rest_route=\/wp\/v2\/users\/3"}],"replies":[{"embeddable":true,"href":"https:\/\/revistazetta.com\/index.php?rest_route=%2Fwp%2Fv2%2Fcomments&post=30167"}],"version-history":[{"count":0,"href":"https:\/\/revistazetta.com\/index.php?rest_route=\/wp\/v2\/posts\/30167\/revisions"}],"wp:featuredmedia":[{"embeddable":true,"href":"https:\/\/revistazetta.com\/index.php?rest_route=\/wp\/v2\/media\/30168"}],"wp:attachment":[{"href":"https:\/\/revistazetta.com\/index.php?rest_route=%2Fwp%2Fv2%2Fmedia&parent=30167"}],"wp:term":[{"taxonomy":"category","embeddable":true,"href":"https:\/\/revistazetta.com\/index.php?rest_route=%2Fwp%2Fv2%2Fcategories&post=30167"},{"taxonomy":"post_tag","embeddable":true,"href":"https:\/\/revistazetta.com\/index.php?rest_route=%2Fwp%2Fv2%2Ftags&post=30167"}],"curies":[{"name":"wp","href":"https:\/\/api.w.org\/{rel}","templated":true}]}}