{"id":30169,"date":"2019-05-24T08:25:04","date_gmt":"2019-05-24T13:25:04","guid":{"rendered":"http:\/\/www.revistazetta.com\/?p=30169"},"modified":"2019-05-24T08:25:04","modified_gmt":"2019-05-24T13:25:04","slug":"orbita-politica-john-zamora-viernes-24-mayo-2019","status":"publish","type":"post","link":"https:\/\/revistazetta.com\/?p=30169","title":{"rendered":"\u00d3rbita Pol\u00edtica de John Zamora &#8211; Viernes 24 de mayo 2019"},"content":{"rendered":"<p><strong>Aval\u2026 quiz\u00e1s\u2026 quiz\u00e1s\u2026 quiz\u00e1s<\/strong><\/p>\n<p>\u00c1lvaro Redondo fue un precandidato de papel y nunca movi\u00f3 un dedo para significar que su pretensi\u00f3n de Gobernaci\u00f3n era firme. Esta semana hizo su segundo acto de campa\u00f1a, pues el primero fue su carta de solicitud de aval: ahora desiste de ser precandidato. \u00bfSu real prop\u00f3sito era ser candidato a la Asamblea?<\/p>\n<p>Con uno menos, la terna qued\u00f3 de dos: Fejed Al\u00ed y Luis Daniel Vargas, quienes si han hecho todo lo que est\u00e1 a su alcance para merecer el aval del partido Liberal, y del senador Lidio Garc\u00eda que es quien tiene el bol\u00edgrafo para firmarlo.<\/p>\n<p>Luego de sus masivas concentraciones en Cartagena y Magangu\u00e9, Fejed anticip\u00f3 que esta semana tendr\u00eda el aval\u2026 Luis Daniel Vargas arreci\u00f3 sus visitas y public\u00f3 su largo transitar en el partido Liberal.<\/p>\n<p>El senador Lidio Garc\u00eda me dijo que \u201cen estos d\u00edas pueden haber buenas noticias\u201d pero eso no despeja los interrogantes: \u00bfHabr\u00e1 aval? \u00bfHabr\u00e1 aval para alguno de los dos solicitantes? \u00bfHabr\u00e1 aval pero en la modalidad coaval por un aspirante de otra colectividad?<\/p>\n<p>&nbsp;<\/p>\n<p>&nbsp;<\/p>\n<p><strong>200 voluntarios por 150 mil firmas<\/strong><\/p>\n<p>De sol a sol est\u00e1n trabajando 200 voluntarios de la campa\u00f1a de recolecci\u00f3n de firmas del grupo \u201cJuntos haremos el cambio\u201d para llevar a Fernando Ara\u00fajo Perdomo a la Alcald\u00eda de Cartagena. Ser\u00e1n unos 10 mil formularios en los que pretenden consignar unas 150 mil firmas, las suficientes como para tener un \u201ccolch\u00f3n\u201d de descarte, ante el riesgo de que puedan presentarse firmas defectuosas, ilegibles o mal diligenciadas. Con la tercera parte del objetivo ser\u00e1 suficiente para obtener aprobaci\u00f3n de la Registradur\u00eda.<\/p>\n<p>&nbsp;<\/p>\n<p><strong>La tienda de Nau<\/strong><\/p>\n<p>NauS\u00cdcrate\u2026 as\u00ed luce el estampado de gorras, camisetas y CD de una novedosa campa\u00f1a de financiaci\u00f3n del proyecto pol\u00edtico para la Alcald\u00eda de Cartagena del abogado Naus\u00edcrate P\u00e9rez Dautt.<\/p>\n<p>En un mensaje de WhatsApp dice: \u201cLa tienda de Nau, mi forma de financiaci\u00f3n del proyecto: camisetas $30.000, gorras $20.000, CD con la m\u00fasica de Lucho P\u00e9rez Arga\u00edn (su padre) $50.000 y bonos de aporte voluntario. Esperamos su respuesta\u201d.<\/p>\n<p>&nbsp;<\/p>\n","protected":false},"excerpt":{"rendered":"<p>Aval\u2026 quiz\u00e1s\u2026 quiz\u00e1s\u2026 quiz\u00e1s \u00c1lvaro Redondo fue un precandidato de papel y nunca movi\u00f3 un dedo para significar que su pretensi\u00f3n de Gobernaci\u00f3n era firme. Esta semana hizo su segundo acto de campa\u00f1a, pues el primero fue su carta de solicitud de aval: ahora desiste de ser precandidato. \u00bfSu real prop\u00f3sito era ser candidato a la Asamblea? Con uno menos, la terna qued\u00f3 de dos: Fejed Al\u00ed y Luis Daniel Vargas, quienes si han hecho todo lo que est\u00e1 a su alcance para merecer el aval del partido Liberal, y&#8230; <\/p>\n","protected":false},"author":3,"featured_media":30170,"comment_status":"open","ping_status":"closed","sticky":false,"template":"","format":"standard","meta":{"footnotes":"","_links_to":"","_links_to_target":""},"categories":[75,44,45],"tags":[],"class_list":["post-30169","post","type-post","status-publish","format-standard","has-post-thumbnail","hentry","category-destacada","category-materiagris","category-orbita"],"_links":{"self":[{"href":"https:\/\/revistazetta.com\/index.php?rest_route=\/wp\/v2\/posts\/30169","targetHints":{"allow":["GET"]}}],"collection":[{"href":"https:\/\/revistazetta.com\/index.php?rest_route=\/wp\/v2\/posts"}],"about":[{"href":"https:\/\/revistazetta.com\/index.php?rest_route=\/wp\/v2\/types\/post"}],"author":[{"embeddable":true,"href":"https:\/\/revistazetta.com\/index.php?rest_route=\/wp\/v2\/users\/3"}],"replies":[{"embeddable":true,"href":"https:\/\/revistazetta.com\/index.php?rest_route=%2Fwp%2Fv2%2Fcomments&post=30169"}],"version-history":[{"count":0,"href":"https:\/\/revistazetta.com\/index.php?rest_route=\/wp\/v2\/posts\/30169\/revisions"}],"wp:featuredmedia":[{"embeddable":true,"href":"https:\/\/revistazetta.com\/index.php?rest_route=\/wp\/v2\/media\/30170"}],"wp:attachment":[{"href":"https:\/\/revistazetta.com\/index.php?rest_route=%2Fwp%2Fv2%2Fmedia&parent=30169"}],"wp:term":[{"taxonomy":"category","embeddable":true,"href":"https:\/\/revistazetta.com\/index.php?rest_route=%2Fwp%2Fv2%2Fcategories&post=30169"},{"taxonomy":"post_tag","embeddable":true,"href":"https:\/\/revistazetta.com\/index.php?rest_route=%2Fwp%2Fv2%2Ftags&post=30169"}],"curies":[{"name":"wp","href":"https:\/\/api.w.org\/{rel}","templated":true}]}}