{"id":30176,"date":"2019-05-25T14:52:40","date_gmt":"2019-05-25T19:52:40","guid":{"rendered":"http:\/\/www.revistazetta.com\/?p=30176"},"modified":"2019-05-25T14:52:40","modified_gmt":"2019-05-25T19:52:40","slug":"ideas-movimiento-xii-festival-las-artes-cartagena","status":"publish","type":"post","link":"https:\/\/revistazetta.com\/?p=30176","title":{"rendered":"\u00abIdeas en Movimiento\u00bb es el XII Festival de las Artes en Cartagena"},"content":{"rendered":"<p>Desde este lunes 27 de mayo y hasta el pr\u00f3ximo 7 de junio, se realizar\u00e1 en Cartagena la 12\u00b0 versi\u00f3n del Festival de las Artes, que organiza anualmente la Instituci\u00f3n Universitaria Bellas Artes y Ciencias de Bol\u00edvar (Unibac).<\/p>\n<p>El Festival, que es esta oportunidad tiene como lema \u201cIdeas en Movimiento\u201d, es una gran fiesta cultural que brinda a los cartageneros una amplia oferta de exposiciones, recitales, talleres, obras de teatro, muestras, conciertos, puestas en escena, desfiles, conversatorios, foros y otras actividades, a cargo de los j\u00f3venes artistas que se forman en Unibac en los programas profesionales de M\u00fasica, Artes Esc\u00e9nicas, Comunicaci\u00f3n Audiovisual, Dise\u00f1o Gr\u00e1fico, Dise\u00f1o Industrial y Artes Pl\u00e1sticas.<\/p>\n<p>Estela Barreto \u00c1lvarez, Vicerrectora Acad\u00e9mica de Unibac, indic\u00f3 que, \u201ceste espacio es una gran oportunidad para apreciar la creatividad, la innovaci\u00f3n y el talento de los artistas en formaci\u00f3n. Durante todo un semestre trabajan en sus propuestas para brindar una experiencia inolvidable al p\u00fablico cartagenero\u201d.<\/p>\n<p>Esta versi\u00f3n rendir\u00e1 homenaje a tres grandes artistas del departamento por su ampl\u00eda y reconocida trayectoria, el pintor An\u00edbal Olier Bueno, la pianista Evaida De Hoz Hern\u00e1ndez y el director y dramaturgo Eparkio Vega Caraballo, quienes ser\u00e1n exaltados con la medalla Epifanio Garay, en ceremonia que se realizar\u00e1 el 27 de mayo, a las 6 de la tarde, en el sal\u00f3n Pierre Daguet.<\/p>\n<p>Como parte de la programaci\u00f3n el martes 28 de mayo, se realizar\u00e1 una caminata art\u00edstica a partir de las 3 de la tarde, por varias calles del Centro Hist\u00f3rico, partiendo de la plaza de San Diego, acompa\u00f1ado de comparsas, m\u00fasica y montajes teatrales.<\/p>\n<p>La programaci\u00f3n es abierta al p\u00fablico y se puede consultar en <a href=\"https:\/\/www.unibac.edu.co\/\" data-saferedirecturl=\"https:\/\/www.google.com\/url?q=https:\/\/www.unibac.edu.co&amp;source=gmail&amp;ust=1558898913668000&amp;usg=AFQjCNGdRom23x7d_rrp1GdAMxJ0sDN47Q\" target=\"_blank\" rel=\"noopener\">www.unibac.edu.co<\/a><\/p>\n","protected":false},"excerpt":{"rendered":"<p>Desde este lunes 27 de mayo y hasta el pr\u00f3ximo 7 de junio, se realizar\u00e1 en Cartagena la 12\u00b0 versi\u00f3n del Festival de las Artes, que organiza anualmente la Instituci\u00f3n Universitaria Bellas Artes y Ciencias de Bol\u00edvar (Unibac). El Festival, que es esta oportunidad tiene como lema \u201cIdeas en Movimiento\u201d, es una gran fiesta cultural que brinda a los cartageneros una amplia oferta de exposiciones, recitales, talleres, obras de teatro, muestras, conciertos, puestas en escena, desfiles, conversatorios, foros y otras actividades, a cargo de los j\u00f3venes artistas que se forman&#8230; <\/p>\n","protected":false},"author":3,"featured_media":30177,"comment_status":"open","ping_status":"closed","sticky":false,"template":"","format":"standard","meta":{"footnotes":"","_links_to":"","_links_to_target":""},"categories":[41,75],"tags":[],"class_list":["post-30176","post","type-post","status-publish","format-standard","has-post-thumbnail","hentry","category-cultura","category-destacada"],"_links":{"self":[{"href":"https:\/\/revistazetta.com\/index.php?rest_route=\/wp\/v2\/posts\/30176","targetHints":{"allow":["GET"]}}],"collection":[{"href":"https:\/\/revistazetta.com\/index.php?rest_route=\/wp\/v2\/posts"}],"about":[{"href":"https:\/\/revistazetta.com\/index.php?rest_route=\/wp\/v2\/types\/post"}],"author":[{"embeddable":true,"href":"https:\/\/revistazetta.com\/index.php?rest_route=\/wp\/v2\/users\/3"}],"replies":[{"embeddable":true,"href":"https:\/\/revistazetta.com\/index.php?rest_route=%2Fwp%2Fv2%2Fcomments&post=30176"}],"version-history":[{"count":0,"href":"https:\/\/revistazetta.com\/index.php?rest_route=\/wp\/v2\/posts\/30176\/revisions"}],"wp:featuredmedia":[{"embeddable":true,"href":"https:\/\/revistazetta.com\/index.php?rest_route=\/wp\/v2\/media\/30177"}],"wp:attachment":[{"href":"https:\/\/revistazetta.com\/index.php?rest_route=%2Fwp%2Fv2%2Fmedia&parent=30176"}],"wp:term":[{"taxonomy":"category","embeddable":true,"href":"https:\/\/revistazetta.com\/index.php?rest_route=%2Fwp%2Fv2%2Fcategories&post=30176"},{"taxonomy":"post_tag","embeddable":true,"href":"https:\/\/revistazetta.com\/index.php?rest_route=%2Fwp%2Fv2%2Ftags&post=30176"}],"curies":[{"name":"wp","href":"https:\/\/api.w.org\/{rel}","templated":true}]}}