{"id":30181,"date":"2019-05-25T15:38:45","date_gmt":"2019-05-25T20:38:45","guid":{"rendered":"http:\/\/www.revistazetta.com\/?p=30181"},"modified":"2019-05-25T15:39:33","modified_gmt":"2019-05-25T20:39:33","slug":"vicente-blel-scaff-sacudio-magangue","status":"publish","type":"post","link":"https:\/\/revistazetta.com\/?p=30181","title":{"rendered":"\u201cSacud\u00f3n\u201d pol\u00edtico de Vicente Blel Scaff en Magangu\u00e9"},"content":{"rendered":"<p><img loading=\"lazy\" decoding=\"async\" class=\"alignright size-medium wp-image-30184\" src=\"https:\/\/www.revistazetta.com\/wp-content\/uploads\/2019\/05\/PHOTO-2019-05-25-14-34-28-300x199.jpg\" alt=\"\" width=\"300\" height=\"199\" srcset=\"https:\/\/revistazetta.com\/wp-content\/uploads\/2019\/05\/PHOTO-2019-05-25-14-34-28-300x199.jpg 300w, https:\/\/revistazetta.com\/wp-content\/uploads\/2019\/05\/PHOTO-2019-05-25-14-34-28-1024x681.jpg 1024w, https:\/\/revistazetta.com\/wp-content\/uploads\/2019\/05\/PHOTO-2019-05-25-14-34-28-220x146.jpg 220w, https:\/\/revistazetta.com\/wp-content\/uploads\/2019\/05\/PHOTO-2019-05-25-14-34-28-50x33.jpg 50w, https:\/\/revistazetta.com\/wp-content\/uploads\/2019\/05\/PHOTO-2019-05-25-14-34-28-113x75.jpg 113w, https:\/\/revistazetta.com\/wp-content\/uploads\/2019\/05\/PHOTO-2019-05-25-14-34-28.jpg 1280w\" sizes=\"auto, (max-width: 300px) 100vw, 300px\" \/><\/p>\n<p>Vicente Blel Scaff estren\u00f3 en Magangu\u00e9 su aval como candidato oficial del partido Conservador a la Gobernaci\u00f3n de Bol\u00edvar, y lo hizo con un \u00absacud\u00f3n\u00bb de tres d\u00edas, con visitas a comunidades, reuniones pol\u00edticas y ronda de medios de comunicaci\u00f3n.<\/p>\n<p>\u00abImensamente agradecido con la ciudad de Magangu\u00e9 y con sus habitantes por tan cari\u00f1oso recibimiento y por hacerme sentir en casa. El respaldo que nos demostraron llena de mucha fuerza este proyecto\u00bb, dijo el candidato\u00a0al final de su marat\u00f3nica visita de tres d\u00edas a la capital de los r\u00edos.<\/p>\n<p><strong>Jueves y viernes<\/strong><\/p>\n<p>La toma realizada por Blel Scaff principalmente se concentr\u00f3 en los barrios Maracan\u00e1, La Esmeralda, Paraiso, Centro y la zona del puerto, llegando casa a casa, saludando y escuchando a la gente.<\/p>\n<p>Durante el recorrido a las comunidades, Yanira Gonz\u00e1lez se\u00f1al\u00f3, \u00abVicente es un joven humilde, que est\u00e1 haciendo la pol\u00edtica como debe ser, llegando a los sectores m\u00e1s necesitados y escuch\u00e1ndonos\u00bb.<\/p>\n<p>De igual forma, el candidato a la Gobernaci\u00f3n de Bol\u00edvar sostuvo reuniones con precandidatos a la alcald\u00eda de la poblaci\u00f3n y con el directorio y aspirantes al concejo del partido ASI.<\/p>\n<p><strong><img loading=\"lazy\" decoding=\"async\" class=\"alignright size-medium wp-image-30185\" src=\"https:\/\/www.revistazetta.com\/wp-content\/uploads\/2019\/05\/PHOTO-2019-05-25-14-34-29-300x200.jpg\" alt=\"\" width=\"300\" height=\"200\" srcset=\"https:\/\/revistazetta.com\/wp-content\/uploads\/2019\/05\/PHOTO-2019-05-25-14-34-29-300x200.jpg 300w, https:\/\/revistazetta.com\/wp-content\/uploads\/2019\/05\/PHOTO-2019-05-25-14-34-29-1024x682.jpg 1024w, https:\/\/revistazetta.com\/wp-content\/uploads\/2019\/05\/PHOTO-2019-05-25-14-34-29-219x146.jpg 219w, https:\/\/revistazetta.com\/wp-content\/uploads\/2019\/05\/PHOTO-2019-05-25-14-34-29-50x33.jpg 50w, https:\/\/revistazetta.com\/wp-content\/uploads\/2019\/05\/PHOTO-2019-05-25-14-34-29-113x75.jpg 113w, https:\/\/revistazetta.com\/wp-content\/uploads\/2019\/05\/PHOTO-2019-05-25-14-34-29.jpg 1280w\" sizes=\"auto, (max-width: 300px) 100vw, 300px\" \/>S\u00e1bado<\/strong><\/p>\n<p>Su jornada inici\u00f3 en el barrio Macondo, donde particip\u00f3 de una jornada de atenci\u00f3n social integral y recreativa, a la que se vincul\u00f3 toda la comunidad.<\/p>\n<p>M\u00e1s tarde asisti\u00f3 a grandes concentraciones de amigos lideradas por Fanny Cassiani, Selmen Arana y por el representante a la c\u00e1mara, Yamil Arana.<\/p>\n<p>En todos los rincones a donde ha llegado, se abren puertas a esta propuesta que sigue sumando voluntades a lo largo y ancho de Bol\u00edvar.<\/p>\n<p>\u00abSomos ganadores, avanzamos y ahora tenemos todo para ser l\u00edderes\u00bb, reiter\u00f3 el dirigente.<\/p>\n<p><img loading=\"lazy\" decoding=\"async\" class=\"alignright wp-image-30183 size-large\" src=\"https:\/\/www.revistazetta.com\/wp-content\/uploads\/2019\/05\/PHOTO-2019-05-25-14-34-28-2-1024x682.jpg\" alt=\"\" width=\"1024\" height=\"682\" srcset=\"https:\/\/revistazetta.com\/wp-content\/uploads\/2019\/05\/PHOTO-2019-05-25-14-34-28-2-1024x682.jpg 1024w, https:\/\/revistazetta.com\/wp-content\/uploads\/2019\/05\/PHOTO-2019-05-25-14-34-28-2-300x200.jpg 300w, https:\/\/revistazetta.com\/wp-content\/uploads\/2019\/05\/PHOTO-2019-05-25-14-34-28-2-219x146.jpg 219w, https:\/\/revistazetta.com\/wp-content\/uploads\/2019\/05\/PHOTO-2019-05-25-14-34-28-2-50x33.jpg 50w, https:\/\/revistazetta.com\/wp-content\/uploads\/2019\/05\/PHOTO-2019-05-25-14-34-28-2-113x75.jpg 113w, https:\/\/revistazetta.com\/wp-content\/uploads\/2019\/05\/PHOTO-2019-05-25-14-34-28-2.jpg 1280w\" sizes=\"auto, (max-width: 1024px) 100vw, 1024px\" \/><\/p>\n<p>&nbsp;<\/p>\n","protected":false},"excerpt":{"rendered":"<p>Vicente Blel Scaff estren\u00f3 en Magangu\u00e9 su aval como candidato oficial del partido Conservador a la Gobernaci\u00f3n de Bol\u00edvar, y lo hizo con un \u00absacud\u00f3n\u00bb de tres d\u00edas, con visitas a comunidades, reuniones pol\u00edticas y ronda de medios de comunicaci\u00f3n. \u00abImensamente agradecido con la ciudad de Magangu\u00e9 y con sus habitantes por tan cari\u00f1oso recibimiento y por hacerme sentir en casa. El respaldo que nos demostraron llena de mucha fuerza este proyecto\u00bb, dijo el candidato\u00a0al final de su marat\u00f3nica visita de tres d\u00edas a la capital de los r\u00edos. Jueves&#8230; <\/p>\n","protected":false},"author":3,"featured_media":30182,"comment_status":"open","ping_status":"closed","sticky":false,"template":"","format":"standard","meta":{"footnotes":"","_links_to":"","_links_to_target":""},"categories":[75,4],"tags":[],"class_list":["post-30181","post","type-post","status-publish","format-standard","has-post-thumbnail","hentry","category-destacada","category-politica"],"_links":{"self":[{"href":"https:\/\/revistazetta.com\/index.php?rest_route=\/wp\/v2\/posts\/30181","targetHints":{"allow":["GET"]}}],"collection":[{"href":"https:\/\/revistazetta.com\/index.php?rest_route=\/wp\/v2\/posts"}],"about":[{"href":"https:\/\/revistazetta.com\/index.php?rest_route=\/wp\/v2\/types\/post"}],"author":[{"embeddable":true,"href":"https:\/\/revistazetta.com\/index.php?rest_route=\/wp\/v2\/users\/3"}],"replies":[{"embeddable":true,"href":"https:\/\/revistazetta.com\/index.php?rest_route=%2Fwp%2Fv2%2Fcomments&post=30181"}],"version-history":[{"count":0,"href":"https:\/\/revistazetta.com\/index.php?rest_route=\/wp\/v2\/posts\/30181\/revisions"}],"wp:featuredmedia":[{"embeddable":true,"href":"https:\/\/revistazetta.com\/index.php?rest_route=\/wp\/v2\/media\/30182"}],"wp:attachment":[{"href":"https:\/\/revistazetta.com\/index.php?rest_route=%2Fwp%2Fv2%2Fmedia&parent=30181"}],"wp:term":[{"taxonomy":"category","embeddable":true,"href":"https:\/\/revistazetta.com\/index.php?rest_route=%2Fwp%2Fv2%2Fcategories&post=30181"},{"taxonomy":"post_tag","embeddable":true,"href":"https:\/\/revistazetta.com\/index.php?rest_route=%2Fwp%2Fv2%2Ftags&post=30181"}],"curies":[{"name":"wp","href":"https:\/\/api.w.org\/{rel}","templated":true}]}}