{"id":30186,"date":"2019-05-25T16:19:18","date_gmt":"2019-05-25T21:19:18","guid":{"rendered":"http:\/\/www.revistazetta.com\/?p=30186"},"modified":"2019-05-25T16:21:11","modified_gmt":"2019-05-25T21:21:11","slug":"se-extingue-mayo-los-avales-no-aparecen","status":"publish","type":"post","link":"https:\/\/revistazetta.com\/?p=30186","title":{"rendered":"Se extingue mayo y los avales no aparecen &#8211; An\u00e1lisis de John Zamora"},"content":{"rendered":"<p>El paciente ajedrez que est\u00e1n jugando los principales grupos pol\u00edticos es la principal causa que se atribuye para que aun no se concedan avales de partidos pol\u00edticos a candidatos a Gobernaci\u00f3n de Bol\u00edvar, y el \u00fanico que puede sacar pecho es Vicente Blel Scaff que ostenta el del partido Conservador.<\/p>\n<p>Aunque se re\u00fanen, se llaman, se env\u00edan mensajes, todav\u00eda no hay una alianza fuerte que atisbe una mayor\u00eda electoral, y esa indecisi\u00f3n es una de las explicaciones que se esgrimen para no entregar aval. \u00abDe nada sirve el aval si no hay alianzas\u00bb, dijo un part\u00edcipe de esos encuentros.<\/p>\n<p>\u00abDe todas maneras hay que seguir trabajando, pues si ninguna alianza se sella, cada grupo ir\u00e1 con su candidato. No es lo que se busca, pero est\u00e1 dentro de las posibilidades\u00bb, agreg\u00f3.<\/p>\n<p>Ni Hernando Padau\u00ed, ni Carlos F\u00e9liz, ni Jes\u00fas Payares, ni Fejed Al\u00ed, ni Luis Daniel Vargas han obtenido aval, pero en ninguno de ellos hay signos de desespero sino relativa tranquilidad, salvo que la procesi\u00f3n vaya por dentro.<\/p>\n<p>Es en el sector que lidera el senador Lidio Garc\u00eda donde ha habido m\u00e1s \u201cbulla\u201d, pues eran tres los precandidatos que hab\u00edan solicitado el aval. El ruido atronador provino de la campa\u00f1a de Fejed Al\u00ed, que en muy concurridas reuniones en Cartagena y Magangu\u00e9, quiso demostrar que tiene aval popular y solo le falta el de su partido.<\/p>\n<p>El tema ha sido tomado con serenidad por Luis Daniel Vargas, quien se ha mantenido constante en sus visitas y en exhibir su larga hoja de servicios al partido. De la terna se baj\u00f3 \u00c1lvaro Redondo, quien desisti\u00f3 de aspirar.<\/p>\n<p>Dado que las luces estaban enfocadas en el aval liberal, se perdi\u00f3 de vista que los dem\u00e1s avales a\u00fan no aparecen, aunque no es que no est\u00e9n definidos.<\/p>\n<p>El de mayor claridad es el de Hernando Padau\u00ed en Cambio Radical, pues es el \u00fanico que ha solicitado, y tiene la anuencia de otros dos sectores mayoritarios como el de la senadora Daira Galvis y la representante Karen Cure. Adem\u00e1s, tiene la expectativa de un coaval del partido de la U, donde el representante Alonso del R\u00edo Cabarcas le est\u00e1 haciendo el \u201cmandado\u201d, es decir, est\u00e1 gestionando eses pronunciamiento en su favor.<\/p>\n<p>A la espera del aval del partido de la U est\u00e1 el exdiputado y exsecretario del interior Carlos F\u00e9liz Monsalve, de quien se sabe tiene muy buen ambiente en la Direcci\u00f3n Nacional y ha recibido gestos alentadores del senador Andr\u00e9s Felipe Garc\u00eda Zuccardi, aunque no ha podido atraer el \u201ccari\u00f1o\u201d del sector de Del R\u00edo.<\/p>\n<p>El ala conservadora que lidera el representante Emeterio Montes y el sector liberal que respalda al gobernador Dumek Turbay son los otros dos sectores que se les identifica como afines a su candidatura.<\/p>\n<p>Jes\u00fas Payares ha continuado sin descanso en su agenda de visitas a la provincia y barrios de Cartagena, y tiene la tranquilidad de saber que un partido alternativo le ha ofrecido el aval, y que solo espera que ponga en marcha el cronograma de entrega de avales.<\/p>\n","protected":false},"excerpt":{"rendered":"<p>El paciente ajedrez que est\u00e1n jugando los principales grupos pol\u00edticos es la principal causa que se atribuye para que aun no se concedan avales de partidos pol\u00edticos a candidatos a Gobernaci\u00f3n de Bol\u00edvar, y el \u00fanico que puede sacar pecho es Vicente Blel Scaff que ostenta el del partido Conservador. Aunque se re\u00fanen, se llaman, se env\u00edan mensajes, todav\u00eda no hay una alianza fuerte que atisbe una mayor\u00eda electoral, y esa indecisi\u00f3n es una de las explicaciones que se esgrimen para no entregar aval. \u00abDe nada sirve el aval si&#8230; <\/p>\n","protected":false},"author":3,"featured_media":30187,"comment_status":"open","ping_status":"closed","sticky":false,"template":"","format":"standard","meta":{"footnotes":"","_links_to":"","_links_to_target":""},"categories":[75,66,44],"tags":[],"class_list":["post-30186","post","type-post","status-publish","format-standard","has-post-thumbnail","hentry","category-destacada","category-analisis","category-materiagris"],"_links":{"self":[{"href":"https:\/\/revistazetta.com\/index.php?rest_route=\/wp\/v2\/posts\/30186","targetHints":{"allow":["GET"]}}],"collection":[{"href":"https:\/\/revistazetta.com\/index.php?rest_route=\/wp\/v2\/posts"}],"about":[{"href":"https:\/\/revistazetta.com\/index.php?rest_route=\/wp\/v2\/types\/post"}],"author":[{"embeddable":true,"href":"https:\/\/revistazetta.com\/index.php?rest_route=\/wp\/v2\/users\/3"}],"replies":[{"embeddable":true,"href":"https:\/\/revistazetta.com\/index.php?rest_route=%2Fwp%2Fv2%2Fcomments&post=30186"}],"version-history":[{"count":0,"href":"https:\/\/revistazetta.com\/index.php?rest_route=\/wp\/v2\/posts\/30186\/revisions"}],"wp:featuredmedia":[{"embeddable":true,"href":"https:\/\/revistazetta.com\/index.php?rest_route=\/wp\/v2\/media\/30187"}],"wp:attachment":[{"href":"https:\/\/revistazetta.com\/index.php?rest_route=%2Fwp%2Fv2%2Fmedia&parent=30186"}],"wp:term":[{"taxonomy":"category","embeddable":true,"href":"https:\/\/revistazetta.com\/index.php?rest_route=%2Fwp%2Fv2%2Fcategories&post=30186"},{"taxonomy":"post_tag","embeddable":true,"href":"https:\/\/revistazetta.com\/index.php?rest_route=%2Fwp%2Fv2%2Ftags&post=30186"}],"curies":[{"name":"wp","href":"https:\/\/api.w.org\/{rel}","templated":true}]}}