{"id":30190,"date":"2019-05-26T22:44:15","date_gmt":"2019-05-27T03:44:15","guid":{"rendered":"http:\/\/www.revistazetta.com\/?p=30190"},"modified":"2019-05-26T22:44:15","modified_gmt":"2019-05-27T03:44:15","slug":"fejed-propone-cartagena-nueva-localidad-corregimental","status":"publish","type":"post","link":"https:\/\/revistazetta.com\/?p=30190","title":{"rendered":"Fejed propone para Cartagena nueva localidad corregimental"},"content":{"rendered":"<ul>\n<li>\n<blockquote><p><strong><em>En su visita por Bayunca, Fejed constat\u00f3 que el corregimiento no cuenta con servicios b\u00e1sicos vitales como el alcantarillado y derechos como la salud. Propuso soluciones.\u00a0<\/em><em>En el barrio San Fernando, anunci\u00f3 que la primera obra que ejecutar\u00e1 en Cartagena ser\u00e1 en la Localidad 3. <\/em><\/strong><\/p><\/blockquote>\n<\/li>\n<\/ul>\n<p><img loading=\"lazy\" decoding=\"async\" class=\"alignright size-medium wp-image-30192\" src=\"https:\/\/www.revistazetta.com\/wp-content\/uploads\/2019\/05\/Bayunca-3-300x240.jpg\" alt=\"\" width=\"300\" height=\"240\" srcset=\"https:\/\/revistazetta.com\/wp-content\/uploads\/2019\/05\/Bayunca-3-300x240.jpg 300w, https:\/\/revistazetta.com\/wp-content\/uploads\/2019\/05\/Bayunca-3-1024x820.jpg 1024w, https:\/\/revistazetta.com\/wp-content\/uploads\/2019\/05\/Bayunca-3-182x146.jpg 182w, https:\/\/revistazetta.com\/wp-content\/uploads\/2019\/05\/Bayunca-3-50x40.jpg 50w, https:\/\/revistazetta.com\/wp-content\/uploads\/2019\/05\/Bayunca-3-94x75.jpg 94w, https:\/\/revistazetta.com\/wp-content\/uploads\/2019\/05\/Bayunca-3.jpg 1280w\" sizes=\"auto, (max-width: 300px) 100vw, 300px\" \/>El precandidato liberal a la Gobernaci\u00f3n de Bol\u00edvar, Fejed Al\u00ed Badr\u00e1n, visit\u00f3 distintas comunidades de las tres localidades de Cartagena este fin de semana. Durante las actividades, m\u00e1s de mil personas se sumaron a los encuentros y conocieron apartes de su proyecto Departamental, en lo que concierne a la capital de Bol\u00edvar.<\/p>\n<p>Inclusi\u00f3n, participaci\u00f3n comunitaria, educaci\u00f3n y desarrollo para la integraci\u00f3n territorial, fueron los temas tratados en las concentraciones; en cada una de ellas, se identificaron necesidades y se concertaron soluciones de intervenci\u00f3n integral.<\/p>\n<p><strong>San Fernando<\/strong><\/p>\n<p>Unas 400 personas asistieron al encuentro donde respaldaron las propuestas enfocadas a suplir las necesidades de vivienda en esa localidad, sin dejar atr\u00e1s la construcci\u00f3n de proyectos productivos para generar recursos propios. \u00abVamos a gestionar los recursos necesarios para las v\u00edas de acceso de los barrios de esta zona de la localidad comunera n\u00famero 11 regidos por caminos destapados\u201d, afirm\u00f3. Y a rengl\u00f3n seguido, recalc\u00f3: \u00abQueremos brindarle a los cartageneros esa oportunidad de encontrar en la Gobernaci\u00f3n, esos recursos que necesitan para mejorar sus condiciones de vida\u00bb.<\/p>\n<p>Este encuentro, pasado por agua como es la constante en estas \u00faltimas semanas, se caracteriz\u00f3 por la presencia de j\u00f3venes que por primera vez ejercer\u00e1n su derecho al voto, y que ven en el deporte y la educaci\u00f3n, los pilares para su futuro.<\/p>\n<p>\u201cLa gente que se educa, es la gente que crece\u00bb, puntualiz\u00f3 Al\u00ed Badr\u00e1n.<\/p>\n<p><strong><img loading=\"lazy\" decoding=\"async\" class=\"alignright size-medium wp-image-30194\" src=\"https:\/\/www.revistazetta.com\/wp-content\/uploads\/2019\/05\/Amberes-2-300x200.jpg\" alt=\"\" width=\"300\" height=\"200\" srcset=\"https:\/\/revistazetta.com\/wp-content\/uploads\/2019\/05\/Amberes-2-300x200.jpg 300w, https:\/\/revistazetta.com\/wp-content\/uploads\/2019\/05\/Amberes-2-1024x682.jpg 1024w, https:\/\/revistazetta.com\/wp-content\/uploads\/2019\/05\/Amberes-2-219x146.jpg 219w, https:\/\/revistazetta.com\/wp-content\/uploads\/2019\/05\/Amberes-2-50x33.jpg 50w, https:\/\/revistazetta.com\/wp-content\/uploads\/2019\/05\/Amberes-2-113x75.jpg 113w, https:\/\/revistazetta.com\/wp-content\/uploads\/2019\/05\/Amberes-2.jpg 1280w\" sizes=\"auto, (max-width: 300px) 100vw, 300px\" \/>Bayunca <\/strong><\/p>\n<p>El dirigente maganguele\u00f1o lleg\u00f3 la ma\u00f1ana del s\u00e1bado al corregimiento, lo recorri\u00f3, salud\u00f3 a los lugare\u00f1os y pudo constatar el total abandono al que ha estado sometido por d\u00e9cadas este territorio al que cada cuatro a\u00f1os le prometen lo que se merecen por derecho. Un centro de salud abandonado, una cancha de softbol ruinosa y calles polvorientas enlagunadas de aguas servidas porque no tiene alcantarillado, es lo que evidenci\u00f3 con preocupaci\u00f3n el pol\u00edtico liberal. Sus habitantes, no obstante, conservan lo \u00fanico que los mantiene en pie, la FE y la esperanza.<\/p>\n<p>Visiblemente impactado, subi\u00f3 a una tarima con su hija Salua, quien lo acompa\u00f1\u00f3,\u00a0 y se dirigi\u00f3 a las m\u00e1s de 500 personas que lo esperaban expectantes. \u201cS\u00e9 que Bayunca est\u00e1 cansada de que le prometan y no le cumplan, del\u00a0 abandono estatal. M\u00e1s de un siglo en el ostracismo es una infamia. Ustedes no pueden seguir representando, como dec\u00eda el historiador Donaldo Bossa, un corredor de venta caminera, una posada o un mes\u00f3n\u201d. Acto seguido, se comprometi\u00f3 a gestionar el alcantarillo, acci\u00f3n que calific\u00f3 no como una promesa de gobierno sino como una obligaci\u00f3n del Estado.<\/p>\n<p>Asimismo, interactu\u00f3 con j\u00f3venes deportistas y aprovech\u00f3 para subrayar que Bayunca har\u00e1 parte de su Plan Integral de Recuperaci\u00f3n de Escenarios Deportivos; sin embargo, insisti\u00f3 en la necesidad de ligar estos proyectos de infraestructura con programas de iniciaci\u00f3n deportiva y mejoramiento del entorno social. \u00abNo s\u00f3lo ense\u00f1arlos en la disciplina deportiva, sino instruirlos en lo que es la vida\u00bb, se\u00f1al\u00f3.<\/p>\n<p><strong>Fejed propone una Localidad corregimental donde lleguen recursos directos de inversi\u00f3n<\/strong><\/p>\n<p><strong><img loading=\"lazy\" decoding=\"async\" class=\"alignright size-medium wp-image-30193\" src=\"https:\/\/www.revistazetta.com\/wp-content\/uploads\/2019\/05\/San-Fernanado-1-300x200.jpg\" alt=\"\" width=\"300\" height=\"200\" srcset=\"https:\/\/revistazetta.com\/wp-content\/uploads\/2019\/05\/San-Fernanado-1-300x200.jpg 300w, https:\/\/revistazetta.com\/wp-content\/uploads\/2019\/05\/San-Fernanado-1-1024x682.jpg 1024w, https:\/\/revistazetta.com\/wp-content\/uploads\/2019\/05\/San-Fernanado-1-219x146.jpg 219w, https:\/\/revistazetta.com\/wp-content\/uploads\/2019\/05\/San-Fernanado-1-50x33.jpg 50w, https:\/\/revistazetta.com\/wp-content\/uploads\/2019\/05\/San-Fernanado-1-113x75.jpg 113w, https:\/\/revistazetta.com\/wp-content\/uploads\/2019\/05\/San-Fernanado-1.jpg 1280w\" sizes=\"auto, (max-width: 300px) 100vw, 300px\" \/><\/strong>Tras visitar Bayunca, el precandidato del liberalismo lleg\u00f3 a Punta Canoa, habl\u00f3 con los pescadores y salud\u00f3 a la gente. Expres\u00f3 la necesidad perentoria de discutir un proyecto de redistribuci\u00f3n territorial, ya que la actual divisi\u00f3n pol\u00edtico-administrativa del Distrito de Cartagena no va acorde con las necesidades actuales del territorio en cuanto a su desarrollo urban\u00edstico y crecimiento poblacional. \u201cNo se trata de segregar territorio sino de integrarlo a trav\u00e9s del \u00e1rea metropolitana y descentralizarlo creando dos localidades m\u00e1s\u201d.<\/p>\n<p>Ir\u00f3nicamente, estos corregimientos norte\u00f1os que viven en la m\u00e1s absoluta pobreza y abandono de la Naci\u00f3n, son los que se encuentran a las puertas del patio trasero de una de las ciudades que proporcionalmente tiene el presupuesto m\u00e1s abundante del pa\u00eds por ser Distrito.<\/p>\n<p>\u201cLos corregimientos de Pontezuela, Bayunca, Arroyo Grande, Arroyo de Piedra y Arroyo de las Canoas, deber\u00edan integrar una Localidad corregimental para que as\u00ed perciban recursos directos de inversi\u00f3n sin que tengan que mendig\u00e1rselos al Distrito para hacer obras tan urgentes como un puesto de salud dotado o el alcantarillado\u201d, propuso.<\/p>\n<p><strong>\u00a0<\/strong><\/p>\n<p><strong>Barrios Amberes y El Paraguay <\/strong><\/p>\n<p>Fejed cerr\u00f3 su correr\u00eda este fin de semana en los barrios Amberes y El Paraguay, en la Localidad uno de Cartagena.\u00a0 Comparti\u00f3 una tarde de domingo con m\u00e1s de 300 madres cabeza de familia en un tradicional \u00a0bingo en la calle Sim\u00f3n Bol\u00edvar de este barrio. \u201cHay que responderle a la gente con inversi\u00f3n social focalizada, seria y responsable. Ustedes, como organizaci\u00f3n comunal, ser\u00e1n quienes prioricen y ejecuten sus obras a trav\u00e9s de presupuesto participativo\u201d, explic\u00f3.<\/p>\n","protected":false},"excerpt":{"rendered":"<p>En su visita por Bayunca, Fejed constat\u00f3 que el corregimiento no cuenta con servicios b\u00e1sicos vitales como el alcantarillado y derechos como la salud. Propuso soluciones.\u00a0En el barrio San Fernando, anunci\u00f3 que la primera obra que ejecutar\u00e1 en Cartagena ser\u00e1 en la Localidad 3. El precandidato liberal a la Gobernaci\u00f3n de Bol\u00edvar, Fejed Al\u00ed Badr\u00e1n, visit\u00f3 distintas comunidades de las tres localidades de Cartagena este fin de semana. Durante las actividades, m\u00e1s de mil personas se sumaron a los encuentros y conocieron apartes de su proyecto Departamental, en lo que&#8230; <\/p>\n","protected":false},"author":3,"featured_media":30191,"comment_status":"open","ping_status":"closed","sticky":false,"template":"","format":"standard","meta":{"footnotes":"","_links_to":"","_links_to_target":""},"categories":[75,4],"tags":[],"class_list":["post-30190","post","type-post","status-publish","format-standard","has-post-thumbnail","hentry","category-destacada","category-politica"],"_links":{"self":[{"href":"https:\/\/revistazetta.com\/index.php?rest_route=\/wp\/v2\/posts\/30190","targetHints":{"allow":["GET"]}}],"collection":[{"href":"https:\/\/revistazetta.com\/index.php?rest_route=\/wp\/v2\/posts"}],"about":[{"href":"https:\/\/revistazetta.com\/index.php?rest_route=\/wp\/v2\/types\/post"}],"author":[{"embeddable":true,"href":"https:\/\/revistazetta.com\/index.php?rest_route=\/wp\/v2\/users\/3"}],"replies":[{"embeddable":true,"href":"https:\/\/revistazetta.com\/index.php?rest_route=%2Fwp%2Fv2%2Fcomments&post=30190"}],"version-history":[{"count":0,"href":"https:\/\/revistazetta.com\/index.php?rest_route=\/wp\/v2\/posts\/30190\/revisions"}],"wp:featuredmedia":[{"embeddable":true,"href":"https:\/\/revistazetta.com\/index.php?rest_route=\/wp\/v2\/media\/30191"}],"wp:attachment":[{"href":"https:\/\/revistazetta.com\/index.php?rest_route=%2Fwp%2Fv2%2Fmedia&parent=30190"}],"wp:term":[{"taxonomy":"category","embeddable":true,"href":"https:\/\/revistazetta.com\/index.php?rest_route=%2Fwp%2Fv2%2Fcategories&post=30190"},{"taxonomy":"post_tag","embeddable":true,"href":"https:\/\/revistazetta.com\/index.php?rest_route=%2Fwp%2Fv2%2Ftags&post=30190"}],"curies":[{"name":"wp","href":"https:\/\/api.w.org\/{rel}","templated":true}]}}