{"id":30200,"date":"2019-05-27T07:48:31","date_gmt":"2019-05-27T12:48:31","guid":{"rendered":"http:\/\/www.revistazetta.com\/?p=30200"},"modified":"2019-05-27T07:48:31","modified_gmt":"2019-05-27T12:48:31","slug":"orbita-politica-john-zamora-lunes-27-mayo-2019","status":"publish","type":"post","link":"https:\/\/revistazetta.com\/?p=30200","title":{"rendered":"\u00d3rbita Pol\u00edtica de John Zamora &#8211; lunes 27 de mayo 2019"},"content":{"rendered":"<p><strong>Respuesta prevista<\/strong><\/p>\n<p>Fernando Ara\u00fajo Perdomo sab\u00eda perfectamente que apenas estuviera en campa\u00f1a para la Alcald\u00eda, saldr\u00edan los ataques por el tema de Chambac\u00fa y la manera en que desarroll\u00f3 el proyecto, as\u00ed que tiene muy claro el antes, el durante y el despu\u00e9s. En lo jur\u00eddico, la Fiscal\u00eda archiv\u00f3 y en el Congreso super\u00f3 moci\u00f3n de censura, as\u00ed que Ara\u00fajo est\u00e1 listo para responder a estos ataques, y contraatacar con propuestas, como la creaci\u00f3n de la Secretar\u00eda de Desarrollo Econ\u00f3mico, la tarifa diferencial en Transcaribe para estudiantes, discapacitados y tercera edad, o la revoluci\u00f3n del cemento.<\/p>\n<p>&nbsp;<\/p>\n<p><strong>Respaldo obrero<\/strong><\/p>\n<p>Nabil B\u00e1ladi recibi\u00f3 el apoyo de las centrales obreras en su aspiraci\u00f3n a la Alcald\u00eda de Cartagena a nombre del Polo Democr\u00e1tico. El Comando Departamental Unitario integrado por la Confederaci\u00f3n General de Trabajadores (CGT), la Central Unitaria de Trabajadores (CUT), la Central de Trabajadores de Colombia (CTC Bol\u00edvar), la Confederaci\u00f3n de Pensionados de Colombia y por la Confederaci\u00f3n Democr\u00e1tica de pensionado en Bol\u00edvar realizaron un pleno donde aprobaron este apoyo. All\u00ed participaron Antonio Cantillo Bustillo presidente de la CGT Bol\u00edvar; Gil Falc\u00f3n presidente de la CUT; Freddy Cano Correa, secretario general de la CTC Bol\u00edvar; Domingo Cera Cantillo, presidente de la CPC, y Dionisio Rom\u00e1n San Mart\u00edn, secretario de la Confederaci\u00f3n Democr\u00e1tica de Pensionados Bol\u00edvar.<\/p>\n<p>&nbsp;<\/p>\n<p><strong>A recoger se dijo<\/strong><\/p>\n<p>El abogado Alcides Arrieta Meza comienza hoy la recolecci\u00f3n de firmas en su prop\u00f3sito de ser candidato a la Alcald\u00eda de Cartagena por el movimiento \u201cEs tiempo de reconstruir a Cartagena\u201d.<\/p>\n","protected":false},"excerpt":{"rendered":"<p>Respuesta prevista Fernando Ara\u00fajo Perdomo sab\u00eda perfectamente que apenas estuviera en campa\u00f1a para la Alcald\u00eda, saldr\u00edan los ataques por el tema de Chambac\u00fa y la manera en que desarroll\u00f3 el proyecto, as\u00ed que tiene muy claro el antes, el durante y el despu\u00e9s. En lo jur\u00eddico, la Fiscal\u00eda archiv\u00f3 y en el Congreso super\u00f3 moci\u00f3n de censura, as\u00ed que Ara\u00fajo est\u00e1 listo para responder a estos ataques, y contraatacar con propuestas, como la creaci\u00f3n de la Secretar\u00eda de Desarrollo Econ\u00f3mico, la tarifa diferencial en Transcaribe para estudiantes, discapacitados y tercera&#8230; <\/p>\n","protected":false},"author":3,"featured_media":30201,"comment_status":"open","ping_status":"closed","sticky":false,"template":"","format":"standard","meta":{"footnotes":"","_links_to":"","_links_to_target":""},"categories":[75,44,45],"tags":[],"class_list":["post-30200","post","type-post","status-publish","format-standard","has-post-thumbnail","hentry","category-destacada","category-materiagris","category-orbita"],"_links":{"self":[{"href":"https:\/\/revistazetta.com\/index.php?rest_route=\/wp\/v2\/posts\/30200","targetHints":{"allow":["GET"]}}],"collection":[{"href":"https:\/\/revistazetta.com\/index.php?rest_route=\/wp\/v2\/posts"}],"about":[{"href":"https:\/\/revistazetta.com\/index.php?rest_route=\/wp\/v2\/types\/post"}],"author":[{"embeddable":true,"href":"https:\/\/revistazetta.com\/index.php?rest_route=\/wp\/v2\/users\/3"}],"replies":[{"embeddable":true,"href":"https:\/\/revistazetta.com\/index.php?rest_route=%2Fwp%2Fv2%2Fcomments&post=30200"}],"version-history":[{"count":0,"href":"https:\/\/revistazetta.com\/index.php?rest_route=\/wp\/v2\/posts\/30200\/revisions"}],"wp:featuredmedia":[{"embeddable":true,"href":"https:\/\/revistazetta.com\/index.php?rest_route=\/wp\/v2\/media\/30201"}],"wp:attachment":[{"href":"https:\/\/revistazetta.com\/index.php?rest_route=%2Fwp%2Fv2%2Fmedia&parent=30200"}],"wp:term":[{"taxonomy":"category","embeddable":true,"href":"https:\/\/revistazetta.com\/index.php?rest_route=%2Fwp%2Fv2%2Fcategories&post=30200"},{"taxonomy":"post_tag","embeddable":true,"href":"https:\/\/revistazetta.com\/index.php?rest_route=%2Fwp%2Fv2%2Ftags&post=30200"}],"curies":[{"name":"wp","href":"https:\/\/api.w.org\/{rel}","templated":true}]}}