{"id":30207,"date":"2019-05-27T23:08:24","date_gmt":"2019-05-28T04:08:24","guid":{"rendered":"http:\/\/www.revistazetta.com\/?p=30207"},"modified":"2019-05-27T23:08:24","modified_gmt":"2019-05-28T04:08:24","slug":"nausicrate-sin-corbata-bailando-presiente-aval-alcaldia","status":"publish","type":"post","link":"https:\/\/revistazetta.com\/?p=30207","title":{"rendered":"Naus\u00edcrate, sin corbata y bailando, \u201cpresiente\u201d aval para Alcald\u00eda"},"content":{"rendered":"<p>La sempiterna corbata que ha distinguido a Naus\u00edcrate P\u00e9rez comenz\u00f3 a caer en desuso con el advenimiento de su campa\u00f1a a la Alcald\u00eda de Cartagena, que lo tiene visitando barrios y bailando salsa, con el claro presentimiento que pronto tendr\u00e1 \u201cenmu\u00f1ecado\u201d un aval de partido pol\u00edtico.<\/p>\n<p>Por lo menos los fines de semana, la corbata y las camisas se quedar\u00e1n guardadas, para dar paso a la naturalidad de las camisetas y a la espontaneidad del momento, como sucedi\u00f3 en la celebraci\u00f3n del mes de las Madres en Cerros de Albornoz, donde \u201cazot\u00f3 baldosa\u201d el abanderado del movimiento \u201cLleg\u00f3 la hora de actuar y hacer lo correcto\u201d.<\/p>\n<p>Mientras define en su agenda el momento de viajar a Bogot\u00e1 para recibir el aval que lo postule oficialmente a la Alcald\u00eda de Cartagena, Nau sigue poniendo en marcha distintas estrategias. \u201cNaus\u00edcrate te escucha\u201d es una din\u00e1mica de di\u00e1logo persona a persona.<\/p>\n<p>Tambi\u00e9n tiene en marcha \u201cLa tienda de Nau\u201d, para financiar su campa\u00f1a con la venta de camisetas, gorras y CD de Lucho Perez Arga\u00edn, su padre.<\/p>\n","protected":false},"excerpt":{"rendered":"<p>La sempiterna corbata que ha distinguido a Naus\u00edcrate P\u00e9rez comenz\u00f3 a caer en desuso con el advenimiento de su campa\u00f1a a la Alcald\u00eda de Cartagena, que lo tiene visitando barrios y bailando salsa, con el claro presentimiento que pronto tendr\u00e1 \u201cenmu\u00f1ecado\u201d un aval de partido pol\u00edtico. Por lo menos los fines de semana, la corbata y las camisas se quedar\u00e1n guardadas, para dar paso a la naturalidad de las camisetas y a la espontaneidad del momento, como sucedi\u00f3 en la celebraci\u00f3n del mes de las Madres en Cerros de Albornoz,&#8230; <\/p>\n","protected":false},"author":3,"featured_media":30204,"comment_status":"open","ping_status":"closed","sticky":false,"template":"","format":"standard","meta":{"footnotes":"","_links_to":"","_links_to_target":""},"categories":[75,4],"tags":[],"class_list":["post-30207","post","type-post","status-publish","format-standard","has-post-thumbnail","hentry","category-destacada","category-politica"],"_links":{"self":[{"href":"https:\/\/revistazetta.com\/index.php?rest_route=\/wp\/v2\/posts\/30207","targetHints":{"allow":["GET"]}}],"collection":[{"href":"https:\/\/revistazetta.com\/index.php?rest_route=\/wp\/v2\/posts"}],"about":[{"href":"https:\/\/revistazetta.com\/index.php?rest_route=\/wp\/v2\/types\/post"}],"author":[{"embeddable":true,"href":"https:\/\/revistazetta.com\/index.php?rest_route=\/wp\/v2\/users\/3"}],"replies":[{"embeddable":true,"href":"https:\/\/revistazetta.com\/index.php?rest_route=%2Fwp%2Fv2%2Fcomments&post=30207"}],"version-history":[{"count":0,"href":"https:\/\/revistazetta.com\/index.php?rest_route=\/wp\/v2\/posts\/30207\/revisions"}],"wp:featuredmedia":[{"embeddable":true,"href":"https:\/\/revistazetta.com\/index.php?rest_route=\/wp\/v2\/media\/30204"}],"wp:attachment":[{"href":"https:\/\/revistazetta.com\/index.php?rest_route=%2Fwp%2Fv2%2Fmedia&parent=30207"}],"wp:term":[{"taxonomy":"category","embeddable":true,"href":"https:\/\/revistazetta.com\/index.php?rest_route=%2Fwp%2Fv2%2Fcategories&post=30207"},{"taxonomy":"post_tag","embeddable":true,"href":"https:\/\/revistazetta.com\/index.php?rest_route=%2Fwp%2Fv2%2Ftags&post=30207"}],"curies":[{"name":"wp","href":"https:\/\/api.w.org\/{rel}","templated":true}]}}