{"id":30208,"date":"2019-05-27T23:09:43","date_gmt":"2019-05-28T04:09:43","guid":{"rendered":"http:\/\/www.revistazetta.com\/?p=30208"},"modified":"2019-05-27T23:09:43","modified_gmt":"2019-05-28T04:09:43","slug":"no-voy-claudicar-jesus-payares","status":"publish","type":"post","link":"https:\/\/revistazetta.com\/?p=30208","title":{"rendered":"\u201cNo voy a claudicar\u201d: Jes\u00fas Payares"},"content":{"rendered":"<p>Ni los aguaceros de los \u00faltimos d\u00edas, ni los fuertes calores de semanas atr\u00e1s, han detenido la marcha de Jes\u00fas Payares Castillo por la provincia bolivarense, quien se\u00f1ala que su prop\u00f3sito de llegar a la Gobernaci\u00f3n est\u00e1 firme y que no va a claudicar en ese intento.<\/p>\n<p>De esa manera Payares le sale al paso de las versiones que lo dan como candidato a la Asamblea Departamental, donde actualmente ocupa una curul su hija Ver\u00f3nica, a nombre del partido Liberal.<\/p>\n<p>\u201cHe desplegado una campa\u00f1a sin maquinaria, sin dinero y, aunque en pol\u00edtica no hay nada escrito, tenga la seguridad que no voy a claudicar\u201d, dijo en di\u00e1logo con John Zamora, director de Revista Zetta.<\/p>\n<p>Payares expres\u00f3 que est\u00e1 muy adelantado un acuerdo pol\u00edtico con un partido alternativo y que en breve dar\u00e1 noticias sobre el aval que garantice su postulaci\u00f3n a la Gobernaci\u00f3n de Bol\u00edvar, motivo por el cual esta semana estar\u00e1 en la capital de al Rep\u00fablica.<\/p>\n","protected":false},"excerpt":{"rendered":"<p>Ni los aguaceros de los \u00faltimos d\u00edas, ni los fuertes calores de semanas atr\u00e1s, han detenido la marcha de Jes\u00fas Payares Castillo por la provincia bolivarense, quien se\u00f1ala que su prop\u00f3sito de llegar a la Gobernaci\u00f3n est\u00e1 firme y que no va a claudicar en ese intento. De esa manera Payares le sale al paso de las versiones que lo dan como candidato a la Asamblea Departamental, donde actualmente ocupa una curul su hija Ver\u00f3nica, a nombre del partido Liberal. \u201cHe desplegado una campa\u00f1a sin maquinaria, sin dinero y, aunque&#8230; <\/p>\n","protected":false},"author":3,"featured_media":30205,"comment_status":"open","ping_status":"closed","sticky":false,"template":"","format":"standard","meta":{"footnotes":"","_links_to":"","_links_to_target":""},"categories":[75,4],"tags":[],"class_list":["post-30208","post","type-post","status-publish","format-standard","has-post-thumbnail","hentry","category-destacada","category-politica"],"_links":{"self":[{"href":"https:\/\/revistazetta.com\/index.php?rest_route=\/wp\/v2\/posts\/30208","targetHints":{"allow":["GET"]}}],"collection":[{"href":"https:\/\/revistazetta.com\/index.php?rest_route=\/wp\/v2\/posts"}],"about":[{"href":"https:\/\/revistazetta.com\/index.php?rest_route=\/wp\/v2\/types\/post"}],"author":[{"embeddable":true,"href":"https:\/\/revistazetta.com\/index.php?rest_route=\/wp\/v2\/users\/3"}],"replies":[{"embeddable":true,"href":"https:\/\/revistazetta.com\/index.php?rest_route=%2Fwp%2Fv2%2Fcomments&post=30208"}],"version-history":[{"count":0,"href":"https:\/\/revistazetta.com\/index.php?rest_route=\/wp\/v2\/posts\/30208\/revisions"}],"wp:featuredmedia":[{"embeddable":true,"href":"https:\/\/revistazetta.com\/index.php?rest_route=\/wp\/v2\/media\/30205"}],"wp:attachment":[{"href":"https:\/\/revistazetta.com\/index.php?rest_route=%2Fwp%2Fv2%2Fmedia&parent=30208"}],"wp:term":[{"taxonomy":"category","embeddable":true,"href":"https:\/\/revistazetta.com\/index.php?rest_route=%2Fwp%2Fv2%2Fcategories&post=30208"},{"taxonomy":"post_tag","embeddable":true,"href":"https:\/\/revistazetta.com\/index.php?rest_route=%2Fwp%2Fv2%2Ftags&post=30208"}],"curies":[{"name":"wp","href":"https:\/\/api.w.org\/{rel}","templated":true}]}}