{"id":30209,"date":"2019-05-27T23:12:00","date_gmt":"2019-05-28T04:12:00","guid":{"rendered":"http:\/\/www.revistazetta.com\/?p=30209"},"modified":"2019-05-27T23:12:00","modified_gmt":"2019-05-28T04:12:00","slug":"orbita-politica-john-zamora-martes-28-mayo-2019","status":"publish","type":"post","link":"https:\/\/revistazetta.com\/?p=30209","title":{"rendered":"\u00d3rbita Pol\u00edtica de John Zamora &#8211; martes 28 de mayo 2019"},"content":{"rendered":"<p><strong>Se les meti\u00f3 al rancho<\/strong><\/p>\n<p>La actual carrera por la Gobernaci\u00f3n de Bol\u00edvar tiene tres aspirantes maganguele\u00f1os: Hernando Padau\u00ed, Jes\u00fas Payares y Fejed Al\u00ed.<\/p>\n<p>Por eso, result\u00f3 mucho m\u00e1s amplia la sonrisa de Vicente Blel Scaff al hacer un balance de su gira de tres d\u00edas por Magangu\u00e9, como diciendo \u201cme les met\u00ed al rancho\u201d.<\/p>\n<p>Esa satisfacci\u00f3n la piensa sostener en las giras que tiene preparadas para el sur de Bol\u00edvar, municipios de la L\u00ednea y los Montes de Mar\u00eda.<\/p>\n<p>&nbsp;<\/p>\n<p><strong>Garc\u00eda busca asistente<\/strong><\/p>\n<p>El senador Andr\u00e9s Felipe Garc\u00eda Zuccardi abri\u00f3 una convocatoria para contratar un \u201casistente en legislaci\u00f3n, econom\u00eda y finanzas p\u00fablicas\u201d para su Unidad de Trabajo Legislativo.<\/p>\n<p>En su cuenta de Twitter public\u00f3 el aviso donde especifica que el cargo es para desempe\u00f1arlo en Bogot\u00e1, con el siguiente perfil: profesional o estudiante destacado en econom\u00eda, derecho presupuestal, finanzas, matem\u00e1ticas y carreras afines.<\/p>\n<p>El horario de trabajo es de lunes a viernes, de 8 am. A 5 pm., dependiendo de las sesiones en el Congreso.<\/p>\n<p>Los interesados pueden enviar hoja de vida antes del 17 de junio al correo info@andresgarciazuccardi.com , y el proceso de selecci\u00f3n termina en agosto venidero<\/p>\n<p><img loading=\"lazy\" decoding=\"async\" class=\"aligncenter wp-image-30210 size-large\" src=\"https:\/\/www.revistazetta.com\/wp-content\/uploads\/2019\/05\/Vacante-AGZ-1024x512.jpeg\" alt=\"\" width=\"1024\" height=\"512\" srcset=\"https:\/\/revistazetta.com\/wp-content\/uploads\/2019\/05\/Vacante-AGZ-1024x512.jpeg 1024w, https:\/\/revistazetta.com\/wp-content\/uploads\/2019\/05\/Vacante-AGZ-300x150.jpeg 300w, https:\/\/revistazetta.com\/wp-content\/uploads\/2019\/05\/Vacante-AGZ-260x130.jpeg 260w, https:\/\/revistazetta.com\/wp-content\/uploads\/2019\/05\/Vacante-AGZ-50x25.jpeg 50w, https:\/\/revistazetta.com\/wp-content\/uploads\/2019\/05\/Vacante-AGZ-150x75.jpeg 150w, https:\/\/revistazetta.com\/wp-content\/uploads\/2019\/05\/Vacante-AGZ.jpeg 1320w\" sizes=\"auto, (max-width: 1024px) 100vw, 1024px\" \/><\/p>\n<p>&nbsp;<\/p>\n<p><strong>Jorge Benedetti en China<\/strong><\/p>\n<p>Una interesante experiencia cultural y pol\u00edtica es la que ha vivido en China el representante a la C\u00e1mara por Bol\u00edvar, Jorge Benedetti, quien hace parte de una delegaci\u00f3n oficial. All\u00ed visit\u00f3 la Asamblea Popular Nacional donde se tom\u00f3 esta foto.<\/p>\n<p>Benedetti no solo est\u00e1 contento por el provecho del viaje sino porque ya puede andar tranquilo por el mundo al saber que la curul est\u00e1 a salvo, tras la decisi\u00f3n del Consejo de Estado que desestim\u00f3 las pretensiones de quienes quer\u00edan dejarlo fuera de la C\u00e1mara.<\/p>\n","protected":false},"excerpt":{"rendered":"<p>Se les meti\u00f3 al rancho La actual carrera por la Gobernaci\u00f3n de Bol\u00edvar tiene tres aspirantes maganguele\u00f1os: Hernando Padau\u00ed, Jes\u00fas Payares y Fejed Al\u00ed. Por eso, result\u00f3 mucho m\u00e1s amplia la sonrisa de Vicente Blel Scaff al hacer un balance de su gira de tres d\u00edas por Magangu\u00e9, como diciendo \u201cme les met\u00ed al rancho\u201d. Esa satisfacci\u00f3n la piensa sostener en las giras que tiene preparadas para el sur de Bol\u00edvar, municipios de la L\u00ednea y los Montes de Mar\u00eda. &nbsp; Garc\u00eda busca asistente El senador Andr\u00e9s Felipe Garc\u00eda Zuccardi&#8230; <\/p>\n","protected":false},"author":3,"featured_media":30206,"comment_status":"open","ping_status":"closed","sticky":false,"template":"","format":"standard","meta":{"footnotes":"","_links_to":"","_links_to_target":""},"categories":[75,44,45],"tags":[],"class_list":["post-30209","post","type-post","status-publish","format-standard","has-post-thumbnail","hentry","category-destacada","category-materiagris","category-orbita"],"_links":{"self":[{"href":"https:\/\/revistazetta.com\/index.php?rest_route=\/wp\/v2\/posts\/30209","targetHints":{"allow":["GET"]}}],"collection":[{"href":"https:\/\/revistazetta.com\/index.php?rest_route=\/wp\/v2\/posts"}],"about":[{"href":"https:\/\/revistazetta.com\/index.php?rest_route=\/wp\/v2\/types\/post"}],"author":[{"embeddable":true,"href":"https:\/\/revistazetta.com\/index.php?rest_route=\/wp\/v2\/users\/3"}],"replies":[{"embeddable":true,"href":"https:\/\/revistazetta.com\/index.php?rest_route=%2Fwp%2Fv2%2Fcomments&post=30209"}],"version-history":[{"count":0,"href":"https:\/\/revistazetta.com\/index.php?rest_route=\/wp\/v2\/posts\/30209\/revisions"}],"wp:featuredmedia":[{"embeddable":true,"href":"https:\/\/revistazetta.com\/index.php?rest_route=\/wp\/v2\/media\/30206"}],"wp:attachment":[{"href":"https:\/\/revistazetta.com\/index.php?rest_route=%2Fwp%2Fv2%2Fmedia&parent=30209"}],"wp:term":[{"taxonomy":"category","embeddable":true,"href":"https:\/\/revistazetta.com\/index.php?rest_route=%2Fwp%2Fv2%2Fcategories&post=30209"},{"taxonomy":"post_tag","embeddable":true,"href":"https:\/\/revistazetta.com\/index.php?rest_route=%2Fwp%2Fv2%2Ftags&post=30209"}],"curies":[{"name":"wp","href":"https:\/\/api.w.org\/{rel}","templated":true}]}}