{"id":30213,"date":"2019-05-28T06:36:07","date_gmt":"2019-05-28T11:36:07","guid":{"rendered":"http:\/\/www.revistazetta.com\/?p=30213"},"modified":"2019-05-28T06:36:07","modified_gmt":"2019-05-28T11:36:07","slug":"cuenteria-porros-una-sola-noche","status":"publish","type":"post","link":"https:\/\/revistazetta.com\/?p=30213","title":{"rendered":"Cuenter\u00eda y porros en una sola noche"},"content":{"rendered":"<blockquote><p><strong>La cita es este martes 28 de mayo con la presentaci\u00f3n de varios de los m\u00e1s reconocidos narradores orales de la regi\u00f3n, en el teatro Adolfo Mej\u00eda. Tambi\u00e9n se lanzar\u00e1 el CD Porros en Guitarra.<\/strong><\/p><\/blockquote>\n<p>La magia de la narraci\u00f3n oral del Caribe colombiano y la m\u00fasica que hace parte del acervo cultural de Cartagena de Indias y la regi\u00f3n: el porro, se entrelazar\u00e1n el pr\u00f3ximo 28 de mayo en el teatro Adolfo Mej\u00eda, a partir de las 6:30 de la tarde, en la llamada Cumbre de Narradores Orales.<\/p>\n<p>En este evento, que es apoyado por el Instituto de Patrimonio y Cultura de Cartagena (IPCC) y la Alcald\u00eda Distrital, estar\u00e1n presente varios de los m\u00e1s reconocidos narradores orales de la regi\u00f3n, como el Rey del Costumbrismo Reinaldo Ru\u00edz, \u2018El Descompositor\u2019 Rodrigo Salgado, Jos\u00e9 Morales \u2018Compae Liba\u2019, Fabio Zuleta y Luis Carlos Betancurt \u2018Lucas\u2019.<\/p>\n<p>Adem\u00e1s, se har\u00e1 el lanzamiento del trabajo musical Porros en Guitarra, del artista bolivarense Nelson Espinosa, quien ha preparado un concierto de lujo con varias de las figuras m\u00e1s importantes de la m\u00fasica en la regi\u00f3n, como Rodrigo Rodr\u00edguez, Jorge Otero, Nando Coba, Boris Garc\u00eda, Michi Sarmiento y Eduardo Jasb\u00f3n, entre otros.<\/p>\n<p>\u201cEn el Caribe colombiano, en cualquier rinc\u00f3n rural o urbano, la oralidad est\u00e1 en la piel de la gente. En cualquier esquina hay una historia. Y lo que se pretende con este evento es ponerlo en una plataforma para que se difunda, para rescatar la memoria y para fortalecer nuestra identidad cultural\u201d, se\u00f1al\u00f3 el director del IPCC, Iv\u00e1n Sanes.<\/p>\n<p>Adem\u00e1s, dijo el funcionario distrital, se tiene que recordar que una de nuestras expresiones musicales m\u00e1s antiguas y que va de la mano con la agenda festiva hist\u00f3rica de Cartagena, es el porro.<\/p>\n<p>\u201cEn los meses que anteceden nuestras Fiestas de Independencia en las emisoras y en los equipos de sonidos de las casas se escuchan esos porros memorables como La Vaca Vieja, El Ceb\u00fa, lo que indica que ya las fiestas se aproximan\u201d, se\u00f1al\u00f3 Sanes.<\/p>\n<p>Para la presentaci\u00f3n del trabajo Porros en Guitarra, Nelson Espinosa Janaceth se\u00f1al\u00f3 que invit\u00f3 a varios de los artistas de mayor trayectoria en la regi\u00f3n para mostrar los diferentes matices del porro como el acorde\u00f3n, la gaita, el clarinete, el saxof\u00f3n y la voz.<\/p>\n<p>\u201cEl porro es tan rico musicalmente que acepta el emparejamiento de muchos instrumentos, y la idea es mostrar c\u00f3mo ha sido la evoluci\u00f3n de uno de los ritmos que m\u00e1s lustre le ha dado a Colombia en el mundo\u201d, indic\u00f3.<\/p>\n<p>Por su parte, el periodista Juan Carlos D\u00edaz Mart\u00ednez, en representaci\u00f3n de la agencia de comunicaciones Mambaco, coordinadora del evento, lo que se pretende es hacer una muestra real de dos de las expresiones culturales m\u00e1s arraigadas en el acervo cultural de la regi\u00f3n Caribe en un escenario fant\u00e1stico como el teatro Adolfo Mej\u00eda, a fin de que las nuevas generaciones comprendan c\u00f3mo es la idiosincrasia nuestra.<\/p>\n<p>\u201cEl arte de la narraci\u00f3n oral nos ense\u00f1a a tener una visi\u00f3n m\u00e1s amplia de un pueblo por medio\u00a0de la palabra hablada y escrita, conocida tambi\u00e9n como literatura oral y literatura gr\u00e1fica, como\u00a0l\u00e9xico o vocabulario; dejo o acento; las cuales forman parte de la esencia del habla popular de\u00a0una regi\u00f3n, comprende el lenguaje popular; las narraciones entre cuentos, f\u00e1bulas, y leyendas;\u00a0las coplas, poes\u00eda y el ciclo que comprende los dichos, refranes, comparaciones y\u00a0exageraciones. Y como gran acompa\u00f1ante de todos esto, su majestad el porro\u201d, se\u00f1al\u00f3.<\/p>\n<p>Al evento se han sumado varias empresas e instituciones de Cartagena y Bol\u00edvar como Aguas de Cartagena, la Mutual SER, entre otros.<\/p>\n<p>N\u00f3mina<\/p>\n<p>Reinaldo Ru\u00edz (C\u00f3rdoba)<\/p>\n<p>Llamado el Rey del Costumbrimso, Reinaldo Ru\u00edz es oriundo del corregimiento de Salitral en Sahag\u00fan (C\u00f3rdoba), pero desde hace vario a\u00f1os se vive municipio de La Uni\u00f3n (Sucre). Untado de pueblo, de olor a campo y sabana, va contando las vivencias de la gente sin importar en realidad de donde sea, pues en sus cuentos hay un solo personaje con un solo rostro, el del campesino trabajador, aunque este sea adaptado a diversos rostros y nombres.<\/p>\n<p>Rodrigo Salgado \u2018El Descompositor\u2019 (Bol\u00edvar)<\/p>\n<p>Nacido en el municipio de San Jacinto Bol\u00edvar, Rodrigo Salgado junt\u00f3 toda esa riqueza cultural y folcl\u00f3rica que tiene su pueblo y tener as\u00ed un estilo distinto, \u00fanico y que lo hace un digno representante de la tierra de los Gaiteros, de Andr\u00e9s Landero y Adolfo Pacheco.<br \/>\n\u201cEl que nace en una tierra como San Jacinto necesariamente tiene que ser artista o, de lo contrario, se vuelve loco oyendo a toda hora gaitas, acordeones y tambores\u201d, dice el famoso cuentero.<\/p>\n<p>Fabio Zuleta (La Guajira)<\/p>\n<p>Natural de Villanueva (La Guajira), Fabio Zuleta hace parte de una de las dinast\u00edas m\u00e1s reconocidas en el folclor del Caribe colombiano, y como tal no ha desentonado en el oficio de contar historias, en lugar de cantar., aunque tambi\u00e9n o hace con bastante propiedad.<br \/>\nEn los \u00faltimos a\u00f1os Zuleta redescubre su faceta como humorista y contador de an\u00e9cdotas parroquiales de la provincia. En este oficio, comenz\u00f3 con un programa de dos horas diarias en Radio Guatapur\u00ed de Valledupar.\u00a0 All\u00ed alcanz\u00f3 alt\u00edsimos niveles de audiencia y un reconocimiento que hoy traspasa fronteras.<\/p>\n<p>Jos\u00e9 Morales \u2018Compae Liba\u2019 (Sucre)<br \/>\nNatural de San pedro Sucre, es un ingeniero agr\u00edcola con gran conocimiento de los temas del campo. Desde muy joven su pasi\u00f3n por la comunicaci\u00f3n lo llev\u00f3 a la radio y a la televisi\u00f3n de su pueblo, presentando programas de entretenimientos.<br \/>\nSin embargo, el deseo de captar mayor audiencia lo llev\u00f3 a buscar un sitio en las redes sociales, con narraciones y cuentos en la voz del \u2018Compae Liba\u2019, un hombre de pueblo en cuyas historias y an\u00e9cdotas se ve reflejada la gente del com\u00fan.<\/p>\n<p>Luis Carlos Betancurt \u2018Lucas\u2019 (Cartagena)<br \/>\nNacido en Cartagena de Indias, Luis Carlos Betancourt \u2018Lucas\u2019 tiene una habilidad poco com\u00fan: en su cuerpo habitan dos hombres. Por un lado est\u00e1 el mismo Luis Carlos, amante de la literatura, de los libros, poes\u00eda, teatro y la narraci\u00f3n oral. Y en la contraparte est\u00e1 Lucas: aficionado a la champeta y el reguet\u00f3n. Un tipo que se sube a una buseta a cantar sin miedos ni reparos con dos objetivos: contar lo que pasa en la esquina, en la \u201clleca\u201d (calle) y llamar la atenci\u00f3n de los j\u00f3venes y todos los actores del conflicto que por cuenta de las pandillas vive Cartagena (Tomado de El Universal)<\/p>\n<p>Nelson Espinosa Janaceth<br \/>\nNatural de San Juan Nepomuceno, Nelson Espinosa es de esas personas que nacieron para la m\u00fasica. Su ADN es tan musical, que no concibe una hora de su vida si no est\u00e1 escuchando o tocando alg\u00fan instrumento. De esas aventuras musicales por las sabanas del Viejo Bol\u00edvar naci\u00f3 la idea de realizar un trabajo discogr\u00e1fico dedicado al porro, pero con la particularidad que lo hace con la guitarra, hecho \u00fanico en la Costa Caribe.<\/p>\n","protected":false},"excerpt":{"rendered":"<p>La cita es este martes 28 de mayo con la presentaci\u00f3n de varios de los m\u00e1s reconocidos narradores orales de la regi\u00f3n, en el teatro Adolfo Mej\u00eda. Tambi\u00e9n se lanzar\u00e1 el CD Porros en Guitarra. La magia de la narraci\u00f3n oral del Caribe colombiano y la m\u00fasica que hace parte del acervo cultural de Cartagena de Indias y la regi\u00f3n: el porro, se entrelazar\u00e1n el pr\u00f3ximo 28 de mayo en el teatro Adolfo Mej\u00eda, a partir de las 6:30 de la tarde, en la llamada Cumbre de Narradores Orales. En&#8230; <\/p>\n","protected":false},"author":3,"featured_media":30214,"comment_status":"open","ping_status":"closed","sticky":false,"template":"","format":"standard","meta":{"footnotes":"","_links_to":"","_links_to_target":""},"categories":[41,43],"tags":[],"class_list":["post-30213","post","type-post","status-publish","format-standard","has-post-thumbnail","hentry","category-cultura","category-cultura-musica"],"_links":{"self":[{"href":"https:\/\/revistazetta.com\/index.php?rest_route=\/wp\/v2\/posts\/30213","targetHints":{"allow":["GET"]}}],"collection":[{"href":"https:\/\/revistazetta.com\/index.php?rest_route=\/wp\/v2\/posts"}],"about":[{"href":"https:\/\/revistazetta.com\/index.php?rest_route=\/wp\/v2\/types\/post"}],"author":[{"embeddable":true,"href":"https:\/\/revistazetta.com\/index.php?rest_route=\/wp\/v2\/users\/3"}],"replies":[{"embeddable":true,"href":"https:\/\/revistazetta.com\/index.php?rest_route=%2Fwp%2Fv2%2Fcomments&post=30213"}],"version-history":[{"count":0,"href":"https:\/\/revistazetta.com\/index.php?rest_route=\/wp\/v2\/posts\/30213\/revisions"}],"wp:featuredmedia":[{"embeddable":true,"href":"https:\/\/revistazetta.com\/index.php?rest_route=\/wp\/v2\/media\/30214"}],"wp:attachment":[{"href":"https:\/\/revistazetta.com\/index.php?rest_route=%2Fwp%2Fv2%2Fmedia&parent=30213"}],"wp:term":[{"taxonomy":"category","embeddable":true,"href":"https:\/\/revistazetta.com\/index.php?rest_route=%2Fwp%2Fv2%2Fcategories&post=30213"},{"taxonomy":"post_tag","embeddable":true,"href":"https:\/\/revistazetta.com\/index.php?rest_route=%2Fwp%2Fv2%2Ftags&post=30213"}],"curies":[{"name":"wp","href":"https:\/\/api.w.org\/{rel}","templated":true}]}}