{"id":30250,"date":"2019-05-29T22:10:40","date_gmt":"2019-05-30T03:10:40","guid":{"rendered":"http:\/\/www.revistazetta.com\/?p=30250"},"modified":"2019-05-29T22:10:40","modified_gmt":"2019-05-30T03:10:40","slug":"ipcc-inaugura-sala-danza-edelmira-massa-zapata-centro-cultural-del-pie-la-popa","status":"publish","type":"post","link":"https:\/\/revistazetta.com\/?p=30250","title":{"rendered":"IPCC inaugura Sala de Danza \u201cEdelmira Massa Zapata\u201d en Centro Cultural del Pie de la Popa"},"content":{"rendered":"<p>El Instituto de Patrimonio y Cultura de Cartagena (IPCC) dio inicio a la agenda \u00abMayo: Mes de la Herencia\u00bb con la inauguraci\u00f3n de la Sala de Danza \u201cEdelmira Massa Zapata\u201d ubicada en el Centro Cultural del Pie de la Popa.<\/p>\n<p>El director del IPCC, Iv\u00e1n Sanes, y Edelmira Massa Zapata,\u00a0 bailarina e investigadora, hija de la inmortal Delia Zapata Olivella, develaron la placa de esta sala que lleva el nombre de la reconocida gestora como homenaje a su legado cultural. Gracias al trabajo de Edelmira se ha logrado recuperar y difundir las danzas tradicionales colombianas.<\/p>\n<p>Asimismo, se realiz\u00f3 el panel \u00abEl Cabildo, un legado de la Herencia Africana\u00bb que cont\u00f3 con las intervenciones de grandes figuras de la tradici\u00f3n cultural del Caribe como Edelmira Massa Zapata, Nilda Mel\u00e9ndez, Reina del Cabildo de Getseman\u00ed y Belmir Caraballo D\u00edaz, Pr\u00edncipe del Cabildo de Bocachica.<\/p>\n<p>\u00abNo tenemos conciencia de la herencia africana secreta detr\u00e1s de cada celebraci\u00f3n, como lo es el 11 de noviembre. No nos hemos puesto a investigar estas expresiones teatrales y danc\u00edsticas\u201d, agreg\u00f3 Massa.<\/p>\n<p>Belmir Caraballo se refiri\u00f3 a la importancia de cultivar en los ni\u00f1os el inter\u00e9s por la danza y su origen. \u201cPara m\u00ed los ni\u00f1os no son el futuro, son el presente porque cuando crezcan se van a interesar por otras expresiones que hoy en d\u00eda quieren desplazar las tradiciones culturales\u00bb, coment\u00f3.<\/p>\n<p>El Instituto de Patrimonio y Cultura de Cartagena (IPCC) extiende la invitaci\u00f3n a participar en la agenda de \u201cMayo: Mes de la Herencia Africana\u201d, que se detalla a continuaci\u00f3n:<\/p>\n<p>\u2022<strong>\u00a0\u00a0\u00a0\u00a0\u00a0\u00a0\u00a0\u00a0\u00a0\u00a0\u00a0\u00a0 Jueves 30 de mayo<\/strong><br \/>\n<strong>Recorrido por los Sitios de Memoria y Conciencia Afro<\/strong><br \/>\n<strong>Punto de Partida: Muelle de la Bodeguita <\/strong><br \/>\n<strong>Hora: 7:00 pm<\/strong><\/p>\n<p><strong>\u2022\u00a0\u00a0\u00a0\u00a0\u00a0\u00a0\u00a0\u00a0\u00a0\u00a0\u00a0\u00a0 Viernes 31 de mayo<\/strong><br \/>\n<strong>Concierto de la Afrocolombianidad \u201cSuenan los tambores\u201d a cargo de Tambores de Cabildo<\/strong><br \/>\n<strong>Centro Cultural del Pipe de la Popa<\/strong><br \/>\n<strong>Hora: 6:00 pm<\/strong><strong>IPCC inaugura Sala de Danza \u201cEdelmira Massa Zapata\u201d en Centro Cultural del Pie de la Popa<\/strong><\/p>\n","protected":false},"excerpt":{"rendered":"<p>El Instituto de Patrimonio y Cultura de Cartagena (IPCC) dio inicio a la agenda \u00abMayo: Mes de la Herencia\u00bb con la inauguraci\u00f3n de la Sala de Danza \u201cEdelmira Massa Zapata\u201d ubicada en el Centro Cultural del Pie de la Popa. El director del IPCC, Iv\u00e1n Sanes, y Edelmira Massa Zapata,\u00a0 bailarina e investigadora, hija de la inmortal Delia Zapata Olivella, develaron la placa de esta sala que lleva el nombre de la reconocida gestora como homenaje a su legado cultural. Gracias al trabajo de Edelmira se ha logrado recuperar y&#8230; <\/p>\n","protected":false},"author":3,"featured_media":30251,"comment_status":"open","ping_status":"closed","sticky":false,"template":"","format":"standard","meta":{"footnotes":"","_links_to":"","_links_to_target":""},"categories":[41],"tags":[],"class_list":["post-30250","post","type-post","status-publish","format-standard","has-post-thumbnail","hentry","category-cultura"],"_links":{"self":[{"href":"https:\/\/revistazetta.com\/index.php?rest_route=\/wp\/v2\/posts\/30250","targetHints":{"allow":["GET"]}}],"collection":[{"href":"https:\/\/revistazetta.com\/index.php?rest_route=\/wp\/v2\/posts"}],"about":[{"href":"https:\/\/revistazetta.com\/index.php?rest_route=\/wp\/v2\/types\/post"}],"author":[{"embeddable":true,"href":"https:\/\/revistazetta.com\/index.php?rest_route=\/wp\/v2\/users\/3"}],"replies":[{"embeddable":true,"href":"https:\/\/revistazetta.com\/index.php?rest_route=%2Fwp%2Fv2%2Fcomments&post=30250"}],"version-history":[{"count":0,"href":"https:\/\/revistazetta.com\/index.php?rest_route=\/wp\/v2\/posts\/30250\/revisions"}],"wp:featuredmedia":[{"embeddable":true,"href":"https:\/\/revistazetta.com\/index.php?rest_route=\/wp\/v2\/media\/30251"}],"wp:attachment":[{"href":"https:\/\/revistazetta.com\/index.php?rest_route=%2Fwp%2Fv2%2Fmedia&parent=30250"}],"wp:term":[{"taxonomy":"category","embeddable":true,"href":"https:\/\/revistazetta.com\/index.php?rest_route=%2Fwp%2Fv2%2Fcategories&post=30250"},{"taxonomy":"post_tag","embeddable":true,"href":"https:\/\/revistazetta.com\/index.php?rest_route=%2Fwp%2Fv2%2Ftags&post=30250"}],"curies":[{"name":"wp","href":"https:\/\/api.w.org\/{rel}","templated":true}]}}