{"id":30269,"date":"2019-05-31T06:33:45","date_gmt":"2019-05-31T11:33:45","guid":{"rendered":"http:\/\/www.revistazetta.com\/?p=30269"},"modified":"2019-05-31T06:33:45","modified_gmt":"2019-05-31T11:33:45","slug":"achi-se-celebro-dia-del-maestro-bolivar","status":"publish","type":"post","link":"https:\/\/revistazetta.com\/?p=30269","title":{"rendered":"En Ach\u00ed se celebr\u00f3 el D\u00eda del Maestro en Bol\u00edvar"},"content":{"rendered":"<blockquote><p><strong>Como un espacio de reflexi\u00f3n, socializaci\u00f3n, reconocimiento y diversi\u00f3n, la administraci\u00f3n de Dumek Turbay Paz, a trav\u00e9s del equipo de Desarrollo Personal de la Secretar\u00eda de Educaci\u00f3n de Bol\u00edvar, conmemor\u00f3 con m\u00e1s de 607 docentes de los municipios de Ach\u00ed, San Jacinto del Cauca y Montecristo el D\u00eda del Maestro, reconocimiento a la tarea y el aporte de hombres y mujeres que se esfuerzan por el desarrollo de la sociedad bolivarense.<\/strong><\/p><\/blockquote>\n<p>Por cuarto a\u00f1o consecutivo la administraci\u00f3n del Bol\u00edvar Si Avanza, que lidera el primer mandatario Dumek Turbay Paz, \u00a0a trav\u00e9s de la Secretar\u00eda de Educaci\u00f3n, con su equipo de Bienestar Laboral, ha querido dignificar la noble y loable labor de los 9.191 docentes, 738 directivos y 48 docentes\u00a0 orientadores que con\u00a0 coraz\u00f3n, convicci\u00f3n y vocaci\u00f3n est\u00e1n llamados a edificar los sue\u00f1os de los ni\u00f1os, ni\u00f1as y j\u00f3venes en cada una de las 226 instituciones educativas oficiales y sus 1394 sedes instaladas en los 44 municipios no certificados del departamento.<\/p>\n<p>La instituci\u00f3n educativa Ricardo Castellar del municipio de Ach\u00ed, acogi\u00f3 en esta oportunidad la visita de 607 hombres y mujeres que tienen la loable labor de educar en valores a los ni\u00f1os, ni\u00f1as y j\u00f3venes de los municipios de San Jacinto del Cauca, Montecristo y Ach\u00ed, el cual disfrutaron de una variada agenda cultural y acad\u00e9mica con el desarrollo del conversatorio \u201cRetos y Desaf\u00edos del Maestro en el Siglo XXI\u201d, una perspectiva\u00a0 para contribuir con\u00a0 el mejoramiento de la calidad educativa en las escuelas oficiales del territorio.<\/p>\n<p>Margareth Ib\u00e1\u00f1ez D\u00edaz, docente de Ciencias Naturales de la Instituci\u00f3n Educativa Gabriela Mistral, en el municipio de El Carmen de Bol\u00edvar, nominada al Premio Compartir 2018; Sandra Zabaleta P\u00e9rez, docente de Qu\u00edmica de la Instituci\u00f3n Educativa Docente del municipio de Turbaco y finalista del Premio Nacional al Docente BBVA 2018, y Edward Buelvas Mendoza, Doctor en Educaci\u00f3n, docente de la\u00a0 Instituci\u00f3n Educativa T\u00e9cnica Industrial Juan Federico Hollman, en El Carmen de Bol\u00edvar, finalista del Premio Compartir al Maestro 2011,tuvieron la oportunidad de compartir sus experiencias y sembrar una semilla para que los maestros de la Mojana bolivarense puedan sacar adelante sus proyectos.<\/p>\n<p>\u201cLa tarea del maestro es una labor muy poco reconocida, pero que implica satisfacci\u00f3n y mucha responsabilidad. No es f\u00e1cil ser docente, muchos tienen infinidades de historias que ejemplifican las dif\u00edciles circunstancias en las cuales desarrollan su jornada acad\u00e9mica\u201d, apartes de las palabras de Pedro Pulido Franco, profesional de Calidad Educativa de la Secretar\u00eda de Educaci\u00f3n de Bol\u00edvar y delegado por la Secretaria de Educaci\u00f3n, Luz Patricia Guerra Echenique, quien por adelantar agenda de gobierno en el cono sur del departamento, no pudo asistir al evento.<\/p>\n<p>Miguel \u00c1ngel Guzm\u00e1n C\u00e1rcamo, rector de la Instituci\u00f3n Educativa San Jos\u00e9 de Ach\u00ed, se mostr\u00f3 maravillado y en nombre de los 607 maestros de los municipios de Ach\u00ed, San Jacinto del Cauca y Montecristo, agradeci\u00f3 el gesto del gobernador Dumek Turbay Paz y la Secretar\u00eda de Educaci\u00f3n de Bol\u00edvar de dignificar el D\u00eda del Maestro en esta zona del territorio, \u201ceste es un evento que nos enaltece y estamos seguros que nos motivar\u00e1 a\u00fan m\u00e1s para sacar nuestra labor adelante\u201d, indic\u00f3 el directivo.<\/p>\n<p>Evento que cont\u00f3 con el apoyo de la oficina de la gestora social del municipio de Ach\u00ed, Kelly Ca\u00f1avera Paternina, Alcald\u00eda de San Jacinto del Cauca, Comfamiliar, Ache Seguros Banco Popular, y el acompa\u00f1amiento de la Polic\u00eda Nacional y el\u00a0 Batall\u00f3n Nari\u00f1o.<\/p>\n","protected":false},"excerpt":{"rendered":"<p>Como un espacio de reflexi\u00f3n, socializaci\u00f3n, reconocimiento y diversi\u00f3n, la administraci\u00f3n de Dumek Turbay Paz, a trav\u00e9s del equipo de Desarrollo Personal de la Secretar\u00eda de Educaci\u00f3n de Bol\u00edvar, conmemor\u00f3 con m\u00e1s de 607 docentes de los municipios de Ach\u00ed, San Jacinto del Cauca y Montecristo el D\u00eda del Maestro, reconocimiento a la tarea y el aporte de hombres y mujeres que se esfuerzan por el desarrollo de la sociedad bolivarense. Por cuarto a\u00f1o consecutivo la administraci\u00f3n del Bol\u00edvar Si Avanza, que lidera el primer mandatario Dumek Turbay Paz, \u00a0a&#8230; <\/p>\n","protected":false},"author":3,"featured_media":30274,"comment_status":"open","ping_status":"closed","sticky":false,"template":"","format":"standard","meta":{"footnotes":"","_links_to":"","_links_to_target":""},"categories":[80],"tags":[],"class_list":["post-30269","post","type-post","status-publish","format-standard","has-post-thumbnail","hentry","category-region"],"_links":{"self":[{"href":"https:\/\/revistazetta.com\/index.php?rest_route=\/wp\/v2\/posts\/30269","targetHints":{"allow":["GET"]}}],"collection":[{"href":"https:\/\/revistazetta.com\/index.php?rest_route=\/wp\/v2\/posts"}],"about":[{"href":"https:\/\/revistazetta.com\/index.php?rest_route=\/wp\/v2\/types\/post"}],"author":[{"embeddable":true,"href":"https:\/\/revistazetta.com\/index.php?rest_route=\/wp\/v2\/users\/3"}],"replies":[{"embeddable":true,"href":"https:\/\/revistazetta.com\/index.php?rest_route=%2Fwp%2Fv2%2Fcomments&post=30269"}],"version-history":[{"count":0,"href":"https:\/\/revistazetta.com\/index.php?rest_route=\/wp\/v2\/posts\/30269\/revisions"}],"wp:featuredmedia":[{"embeddable":true,"href":"https:\/\/revistazetta.com\/index.php?rest_route=\/wp\/v2\/media\/30274"}],"wp:attachment":[{"href":"https:\/\/revistazetta.com\/index.php?rest_route=%2Fwp%2Fv2%2Fmedia&parent=30269"}],"wp:term":[{"taxonomy":"category","embeddable":true,"href":"https:\/\/revistazetta.com\/index.php?rest_route=%2Fwp%2Fv2%2Fcategories&post=30269"},{"taxonomy":"post_tag","embeddable":true,"href":"https:\/\/revistazetta.com\/index.php?rest_route=%2Fwp%2Fv2%2Ftags&post=30269"}],"curies":[{"name":"wp","href":"https:\/\/api.w.org\/{rel}","templated":true}]}}