{"id":30277,"date":"2019-05-31T07:20:16","date_gmt":"2019-05-31T12:20:16","guid":{"rendered":"http:\/\/www.revistazetta.com\/?p=30277"},"modified":"2019-05-31T07:20:16","modified_gmt":"2019-05-31T12:20:16","slug":"luis-d-vargas-disposicion-la-unidad-cartagena-bolivar","status":"publish","type":"post","link":"https:\/\/revistazetta.com\/?p=30277","title":{"rendered":"Luis D. Vargas, a disposici\u00f3n de la unidad por Cartagena y Bol\u00edvar"},"content":{"rendered":"<p>El aspirante a la Gobernaci\u00f3n de Bol\u00edvar, Luis Daniel Vargas, quien solicit\u00f3 aval al partido Liberal, se mostr\u00f3 partidario de un proceso de unidad de distintos sectores para definir candidaturas pues \u00abla suerte\u00a0del Distrito de Cartagena y del Departamento de Bol\u00edvar, deben estar por encima de los partidos pol\u00edticos e intereses grupales o particulares\u00bb.<\/p>\n<p>En carta que dirigi\u00f3 a la senadora Daira Galvis, del partido Cambio Radical, el dirigente liberal propuso \u00abeventos program\u00e1ticos como foros, conversatorios y debates ante la opini\u00f3n p\u00fablica, donde los aspirantes puedan expresar libremente su visi\u00f3n de ciudad y de departamento, as\u00ed como los compromisos dispuestos a adquirir para el desarrollo con equidad de esta Regi\u00f3n de Colombia\u00bb.<\/p>\n<p>La misiva fue motivada por declaraciones que entreg\u00f3 la senadora al director de revista Zetta, John Zamora, en las que se\u00f1ala que los sectores con representaci\u00f3n en el Congreso y otras fuerzas ciudadanas deber\u00edan adelantar un proceso de unidad de cara a Alcald\u00eda y Gobernaci\u00f3n.<\/p>\n<p>(Ver:\u00a0<strong>Senadora Daira Galvis plantea candidaturas de unidad a Alcald\u00eda y Gobernaci\u00f3n<\/strong>:\u00a0<a href=\"https:\/\/www.revistazetta.com\/?p=30238\">https:\/\/www.revistazetta.com\/?p=30238<\/a>\u00a0)<\/p>\n<p>esta es la carta que suscribi\u00f3 Luis Daniel Vargas:<\/p>\n<p><span style=\"color: #000080;\"><em>Cartagena de Indias, Mayo 30 de 2019 \u00a0<\/em><\/span><br \/>\n<span style=\"color: #000080;\"><em>\u00a0<\/em><\/span><br \/>\n<span style=\"color: #000080;\"><em>Honorable Senadora<\/em><\/span><br \/>\n<strong><span style=\"color: #000080;\"><em>DAIRA GALVIS MENDEZ<\/em><\/span><\/strong><br \/>\n<span style=\"color: #000080;\"><em>Ciudad.<\/em><\/span><br \/>\n<span style=\"color: #000080;\"><em>\u00a0<\/em><\/span><br \/>\n<span style=\"color: #000080;\"><em>Respetada Senadora:<\/em><\/span><br \/>\n<span style=\"color: #000080;\"><em>\u00a0<\/em><\/span><br \/>\n<span style=\"color: #000080;\"><em>Recibo con mucha complacencia su propuesta de buscar un mecanismo para escoger un candidato\/a de unidad para la alcald\u00eda de Cartagena y la gobernaci\u00f3n de Bol\u00edvar, expresada en entrevista concedida al periodista John Zamora, director de la Revista Zetta, el pasado martes 28 de mayo.<\/em><\/span><br \/>\n<span style=\"color: #000080;\"><em>\u00a0<\/em><\/span><br \/>\n<span style=\"color: #000080;\"><em>Evidentemente la suerte del Distrito de Cartagena y del Departamento de Bol\u00edvar, deben estar por encima de los partidos pol\u00edticos e intereses grupales o particulares, raz\u00f3n por la cual, una convocatoria abierta y transparente donde participen todos los sectores pol\u00edticos tradicionales y alternativos, c\u00edvicos y populares, gremiales y sindicales, acad\u00e9micos y culturales con sus aspirantes a la alcald\u00eda de Cartagena y gobernaci\u00f3n de Bol\u00edvar, ser\u00eda un gran aporte a la convivencia ciudadana y al desarrollo socioecon\u00f3mico sostenible de estas entidades territoriales y de la Regi\u00f3n Caribe y un excelente mensaje para aclimatar la paz y la concordia en el pa\u00eds.<\/em><\/span><br \/>\n<span style=\"color: #000080;\"><em>\u00a0<\/em><\/span><br \/>\n<span style=\"color: #000080;\"><em>Sugiero en ese sentido, que podr\u00edan organizarse eventos program\u00e1ticos como foros, conversatorios y debates ante la opini\u00f3n p\u00fablica, donde los aspirantes puedan expresar libremente su visi\u00f3n de ciudad y de departamento, as\u00ed como los compromisos dispuestos a adquirir para el desarrollo con equidad de esta Regi\u00f3n de Colombia.<\/em><\/span><br \/>\n<span style=\"color: #000080;\"><em>\u00a0<\/em><\/span><br \/>\n<span style=\"color: #000080;\"><em>Entre otros temas, como los megaproyectos de Cartagena contemplados en el reci\u00e9n sancionado Plan Nacional de Desarrollo 2018-2022 \u201cPacto por Colombia, Pacto por la Equidad\u201d y los proyectos del Departamento como la Recuperaci\u00f3n del Canal del Dique; establecer la gratuidad de la educaci\u00f3n superior, de calidad y pertinente desde los territorios; la cobertura universal en salud para la poblaci\u00f3n urbana y rural del departamento; la implementaci\u00f3n del Acuerdo de Paz desde las regiones, atendiendo a la poblaci\u00f3n victima del conflicto, la restituci\u00f3n de tierras y la educaci\u00f3n rural; el desarrollo tur\u00edstico, vial y portuario del departamento de Bol\u00edvar, que deben ser abordados en estos eventos y luego una gran encuesta realizada por una reconocida firma nacional podr\u00eda se\u00f1alar los m\u00e1s opcionados en este proceso de Unidad por Cartagena y Bol\u00edvar.<\/em><\/span><br \/>\n<span style=\"color: #000080;\"><em>\u00a0<\/em><\/span><br \/>\n<span style=\"color: #000080;\"><em>En lo que modestamente pueda contribuir a su propuesta, estoy a su disposici\u00f3n, con los sentimientos de consideraci\u00f3n y respeto, me suscribo,<\/em><\/span><br \/>\n<span style=\"color: #000080;\"><em>\u00a0<\/em><\/span><br \/>\n<strong><span style=\"color: #000080;\"><em>LUIS DANIEL VARGAS S\u00c1NCHEZ<\/em><\/span><\/strong><br \/>\n<span style=\"color: #000080;\"><em>CC. N\u00ba 73.075.927 de Cartagena<\/em><\/span><br \/>\n<span style=\"color: #000080;\"><em>Aspirante a la Gobernaci\u00f3n de Bol\u00edvar<\/em><\/span><\/p>\n","protected":false},"excerpt":{"rendered":"<p>El aspirante a la Gobernaci\u00f3n de Bol\u00edvar, Luis Daniel Vargas, quien solicit\u00f3 aval al partido Liberal, se mostr\u00f3 partidario de un proceso de unidad de distintos sectores para definir candidaturas pues \u00abla suerte\u00a0del Distrito de Cartagena y del Departamento de Bol\u00edvar, deben estar por encima de los partidos pol\u00edticos e intereses grupales o particulares\u00bb. En carta que dirigi\u00f3 a la senadora Daira Galvis, del partido Cambio Radical, el dirigente liberal propuso \u00abeventos program\u00e1ticos como foros, conversatorios y debates ante la opini\u00f3n p\u00fablica, donde los aspirantes puedan expresar libremente su visi\u00f3n&#8230; <\/p>\n","protected":false},"author":3,"featured_media":30278,"comment_status":"open","ping_status":"closed","sticky":false,"template":"","format":"standard","meta":{"footnotes":"","_links_to":"","_links_to_target":""},"categories":[75,4],"tags":[],"class_list":["post-30277","post","type-post","status-publish","format-standard","has-post-thumbnail","hentry","category-destacada","category-politica"],"_links":{"self":[{"href":"https:\/\/revistazetta.com\/index.php?rest_route=\/wp\/v2\/posts\/30277","targetHints":{"allow":["GET"]}}],"collection":[{"href":"https:\/\/revistazetta.com\/index.php?rest_route=\/wp\/v2\/posts"}],"about":[{"href":"https:\/\/revistazetta.com\/index.php?rest_route=\/wp\/v2\/types\/post"}],"author":[{"embeddable":true,"href":"https:\/\/revistazetta.com\/index.php?rest_route=\/wp\/v2\/users\/3"}],"replies":[{"embeddable":true,"href":"https:\/\/revistazetta.com\/index.php?rest_route=%2Fwp%2Fv2%2Fcomments&post=30277"}],"version-history":[{"count":0,"href":"https:\/\/revistazetta.com\/index.php?rest_route=\/wp\/v2\/posts\/30277\/revisions"}],"wp:featuredmedia":[{"embeddable":true,"href":"https:\/\/revistazetta.com\/index.php?rest_route=\/wp\/v2\/media\/30278"}],"wp:attachment":[{"href":"https:\/\/revistazetta.com\/index.php?rest_route=%2Fwp%2Fv2%2Fmedia&parent=30277"}],"wp:term":[{"taxonomy":"category","embeddable":true,"href":"https:\/\/revistazetta.com\/index.php?rest_route=%2Fwp%2Fv2%2Fcategories&post=30277"},{"taxonomy":"post_tag","embeddable":true,"href":"https:\/\/revistazetta.com\/index.php?rest_route=%2Fwp%2Fv2%2Ftags&post=30277"}],"curies":[{"name":"wp","href":"https:\/\/api.w.org\/{rel}","templated":true}]}}