{"id":30280,"date":"2019-05-31T08:39:08","date_gmt":"2019-05-31T13:39:08","guid":{"rendered":"http:\/\/www.revistazetta.com\/?p=30280"},"modified":"2019-05-31T08:39:08","modified_gmt":"2019-05-31T13:39:08","slug":"efecto-noguera-gobernacion-bolivar","status":"publish","type":"post","link":"https:\/\/revistazetta.com\/?p=30280","title":{"rendered":"\u00bf\u201cEfecto Noguera\u201d para Gobernaci\u00f3n de Bol\u00edvar?"},"content":{"rendered":"<p>No es la primera vez que los m\u00e1s poderosos grupos pol\u00edticos de Atl\u00e1ntico se ponen de acuerdo en una candidatura, y todos reman para el mismo lado. Es lo que est\u00e1 sucediendo con la exlcaldesa y exministra Elsa Noguera, que ha recibido aval de Cambio Radical y coaval del Conservador y Liberal\u2026 Con toda seguridad ser\u00e1 la pr\u00f3xima gobernadora.<\/p>\n<p>\u00bfY por qu\u00e9 no hacer lo mismo en Bol\u00edvar?<\/p>\n<p>La idea se viene abriendo paso y ha tomado mayor impulso en la \u00faltima semana, con reuniones en distintas sedes, distintos matices, pero, en \u00faltimas, el mismo prop\u00f3sito.<\/p>\n<p>Los grupos que est\u00e1n participando en las conversaciones son los de las \u201ccasas\u201d Blel, Garc\u00eda Zuccardi, Montes, Garc\u00eda-Turbay (recordar cisma liberal) y Galvis.<\/p>\n<p>Precisamente, la senadora Daira Galvis se expres\u00f3 en ese sentido en las declaraciones que entreg\u00f3 al director de Revista Zetta, John Zamora, el martes pasado, sobre la necesidad de un proceso de unidad. \u201cEstamos pensando en buscar un mecanismo ideal para escoger candidato entre diferentes sectores del departamento con representaci\u00f3n en el Congreso y con base electoral que impulse procesos, donde todos tengan cabida\u201d, se\u00f1al\u00f3 en ese documento.<\/p>\n<p>( Ver: <strong>Senadora Daira Galvis plantea candidaturas de unidad a Alcald\u00eda y Gobernaci\u00f3n<\/strong><a href=\"https:\/\/www.revistazetta.com\/?p=30238\">https:\/\/www.revistazetta.com\/?p=30238<\/a>)<\/p>\n<p>Seg\u00fan uno de los participantes, est\u00e1n en los \u201cpre\u00e1mbulos\u201d de un acuerdo, y ese podr\u00eda ser uno de los motivos para que el proceso de otorgamiento de avales est\u00e9 paralizado. El \u00fanico que tiene aval hoy es el candidato conservador Vicente Blel Scaff, mientras que a la espera de respuesta a sus respectivas solicitudes est\u00e1n Hernando Padau\u00ed (Cambio Radical), Carlos F\u00e9liz (Partido de la U), Fejed Al\u00ed (Partido Liberal) y Luis Daniel Vargas (Partido Liberal).<\/p>\n<p>En el proceso de unidad estar\u00edan entonces Blel Scaff, F\u00e9liz Monsalve, Al\u00ed Badr\u00e1n y Vargas S\u00e1nchez, mientras Padau\u00ed \u00c1lvarez de momento no tendr\u00eda asiento en esas conversaciones. No se ha considerado hablar con Jes\u00fas Payares Castillo, dirigente que est\u00e1 buscando aval en partidos no tradicionales.<\/p>\n<p>El aspirante Luis Daniel Vargas manifest\u00f3 su voluntad de participar en un proceso de unidad, y propuso realizar foros program\u00e1ticos.<\/p>\n<p>( Ver: <strong>Luis D. Vargas, a disposici\u00f3n de la unidad por Cartagena y Bol\u00edvar<\/strong><\/p>\n<p><a href=\"https:\/\/www.revistazetta.com\/?p=30277\">https:\/\/www.revistazetta.com\/?p=30277<\/a>)<\/p>\n<p>La eventual alianza se podr\u00eda sellar este fin de semana, aunque no hay premura pues todav\u00eda el calendario electoral da tiempo para revisar cada punto del acuerdo.<\/p>\n<p>El mecanismo de selecci\u00f3n es un punto que se debate entre el consenso o una encuesta, pero la dificultad est\u00e1 en los par\u00e1metros o variables que se incorporen a su consideraci\u00f3n.<\/p>\n<p>Tambi\u00e9n se ha planteado abrir el acuerdo a la Alcald\u00eda, y que de los participantes en la alianza, uno aspire a Gobernaci\u00f3n y otro al Palacio de la Aduana.<\/p>\n<p>Otra posici\u00f3n es cerrar la alianza a Gobernaci\u00f3n y dejar en libertad para Alcald\u00eda, pues en este escenario hay otras din\u00e1micas en curso como la recolecci\u00f3n de firmas, y nombres que vienen posicion\u00e1ndose.<\/p>\n<p>Lo que si es claro es que ninguno de los pretendientes a suceder a Dumek Turbay en el cargo bajar\u00e1 la guardia en estos d\u00edas, sino que apretar\u00e1n el acelerador, con dos intenciones: una, si el acuerdo fragua, ser el ungido; y dos, si el acuerdo no fragua, ir hasta el final con la fuerza que se viene adquiriendo.<\/p>\n","protected":false},"excerpt":{"rendered":"<p>No es la primera vez que los m\u00e1s poderosos grupos pol\u00edticos de Atl\u00e1ntico se ponen de acuerdo en una candidatura, y todos reman para el mismo lado. Es lo que est\u00e1 sucediendo con la exlcaldesa y exministra Elsa Noguera, que ha recibido aval de Cambio Radical y coaval del Conservador y Liberal\u2026 Con toda seguridad ser\u00e1 la pr\u00f3xima gobernadora. \u00bfY por qu\u00e9 no hacer lo mismo en Bol\u00edvar? La idea se viene abriendo paso y ha tomado mayor impulso en la \u00faltima semana, con reuniones en distintas sedes, distintos matices,&#8230; <\/p>\n","protected":false},"author":3,"featured_media":30281,"comment_status":"open","ping_status":"closed","sticky":false,"template":"","format":"standard","meta":{"footnotes":"","_links_to":"","_links_to_target":""},"categories":[75,4],"tags":[],"class_list":["post-30280","post","type-post","status-publish","format-standard","has-post-thumbnail","hentry","category-destacada","category-politica"],"_links":{"self":[{"href":"https:\/\/revistazetta.com\/index.php?rest_route=\/wp\/v2\/posts\/30280","targetHints":{"allow":["GET"]}}],"collection":[{"href":"https:\/\/revistazetta.com\/index.php?rest_route=\/wp\/v2\/posts"}],"about":[{"href":"https:\/\/revistazetta.com\/index.php?rest_route=\/wp\/v2\/types\/post"}],"author":[{"embeddable":true,"href":"https:\/\/revistazetta.com\/index.php?rest_route=\/wp\/v2\/users\/3"}],"replies":[{"embeddable":true,"href":"https:\/\/revistazetta.com\/index.php?rest_route=%2Fwp%2Fv2%2Fcomments&post=30280"}],"version-history":[{"count":0,"href":"https:\/\/revistazetta.com\/index.php?rest_route=\/wp\/v2\/posts\/30280\/revisions"}],"wp:featuredmedia":[{"embeddable":true,"href":"https:\/\/revistazetta.com\/index.php?rest_route=\/wp\/v2\/media\/30281"}],"wp:attachment":[{"href":"https:\/\/revistazetta.com\/index.php?rest_route=%2Fwp%2Fv2%2Fmedia&parent=30280"}],"wp:term":[{"taxonomy":"category","embeddable":true,"href":"https:\/\/revistazetta.com\/index.php?rest_route=%2Fwp%2Fv2%2Fcategories&post=30280"},{"taxonomy":"post_tag","embeddable":true,"href":"https:\/\/revistazetta.com\/index.php?rest_route=%2Fwp%2Fv2%2Ftags&post=30280"}],"curies":[{"name":"wp","href":"https:\/\/api.w.org\/{rel}","templated":true}]}}