{"id":30284,"date":"2019-05-31T11:46:21","date_gmt":"2019-05-31T16:46:21","guid":{"rendered":"http:\/\/www.revistazetta.com\/?p=30284"},"modified":"2019-05-31T22:14:28","modified_gmt":"2019-06-01T03:14:28","slug":"una-celebracion-la-cartagenera-alcaldia-festeja-cumpleanos-486-cartagena","status":"publish","type":"post","link":"https:\/\/revistazetta.com\/?p=30284","title":{"rendered":"Con una celebraci\u00f3n a la cartagenera, Alcald\u00eda festeja cumplea\u00f1os 486 de Cartagena"},"content":{"rendered":"<p>Una agenda conmemorativa que incluye la entrega de unas obras y el inicio de otras importantes para la competitividad tur\u00edstica y la seguridad de los cartageneros, una liturgia, un desfile que representa la mezcla multicultural que nos identifica ante el mundo y nos hace \u00fanicos, y una celebraci\u00f3n a la cartagenera con un concierto en la Plaza de la Aduana, la Alcald\u00eda festeja el cumplea\u00f1os n\u00famero 486 de la ciudad.<\/p>\n<p>El alcalde Pedrito Pereira Caballero invit\u00f3 a los cartageneros a demostrar con peque\u00f1os gestos, el amor y el sentido de pertenencia hacia la heroica. \u201cPoco a poco la ciudad ha ido superando los problemas estructurales que tiene, para mejorar la calidad de vida de los cartageneros. Necesitamos que los ciudadanos, desde sus espacios tambi\u00e9n nos ayuden a construir una mejor ciudad para las futuras generaciones\u201d, precis\u00f3 el mandatario.<\/p>\n<p><strong>La agenda<\/strong><\/p>\n<p><img loading=\"lazy\" decoding=\"async\" class=\"alignright wp-image-30285 size-large\" src=\"https:\/\/www.revistazetta.com\/wp-content\/uploads\/2019\/05\/D3FF21D5-3502-492B-8275-1EEFC33655CA-683x1024.jpeg\" alt=\"\" width=\"683\" height=\"1024\" srcset=\"https:\/\/revistazetta.com\/wp-content\/uploads\/2019\/05\/D3FF21D5-3502-492B-8275-1EEFC33655CA-683x1024.jpeg 683w, https:\/\/revistazetta.com\/wp-content\/uploads\/2019\/05\/D3FF21D5-3502-492B-8275-1EEFC33655CA-200x300.jpeg 200w, https:\/\/revistazetta.com\/wp-content\/uploads\/2019\/05\/D3FF21D5-3502-492B-8275-1EEFC33655CA-97x146.jpeg 97w, https:\/\/revistazetta.com\/wp-content\/uploads\/2019\/05\/D3FF21D5-3502-492B-8275-1EEFC33655CA-33x50.jpeg 33w, https:\/\/revistazetta.com\/wp-content\/uploads\/2019\/05\/D3FF21D5-3502-492B-8275-1EEFC33655CA-50x75.jpeg 50w, https:\/\/revistazetta.com\/wp-content\/uploads\/2019\/05\/D3FF21D5-3502-492B-8275-1EEFC33655CA.jpeg 854w\" sizes=\"auto, (max-width: 683px) 100vw, 683px\" \/>La celebraci\u00f3n inicia con una misa a las 6:30 a.m., en la iglesia del convento de la Popa, con la asistencia del gabinete distrital y autoridades. Contin\u00faa con la instalaci\u00f3n del segundo periodo de sesiones ordinarias del Concejo Distrital, a las 8:00 a.m.<\/p>\n<p>A las 9:30 a.m., est\u00e1 previsto en La Boquilla la presentaci\u00f3n del proyecto Playa Azul, donde se develar\u00e1 una placa con las letras distintivas de esta franja de bajamar postulada a este distintivo que exalta las playas que re\u00fanen condiciones de sostenibilidad ambiental. En este mismo acto ser\u00e1n entregados 4 carros comando para la custodia de esta playa a la Polic\u00eda de Turismo, Datt, Salvavidas y Bomberos.<br \/>\nDe este sitio, el Alcalde se trasladar\u00e1 al Pie de la Popa, donde se iniciar\u00e1n las obras de construcci\u00f3n del CAI de este barrio sobre la Avenida de El Lago, cumpliendo as\u00ed el anhelo de esta comunidad y sectores aleda\u00f1os de contar con un Centro de Atenci\u00f3n Inmediata para la Polic\u00eda.<\/p>\n<p>Terminado este acto, el mandatario distrital se traslada a la Villa Ol\u00edmpica, donde tambi\u00e9n se dar\u00e1 inicio a la construcci\u00f3n del CAI de esta zona que brindar\u00e1 seguridad a los habitantes de los barrios vecinos, que garantiza la seguridad de los escenarios deportivos ubicados en ese lugar y que ser\u00e1n sede de los Juegos Nacionales.<br \/>\nA las 2:00 p.m. ser\u00e1 la entrega de obra esperada por la comunidad de Flor del Campo, y es el Centro de Desarrollo Infantil (CDI), el cual ser\u00e1 operado por el Instituto Colombiano de Bienestar Familiar (ICBF), para atender a 250 ni\u00f1os y ni\u00f1as de cero a 5 a\u00f1os. Esta obra se encontr\u00f3 paralizada desde hace 9 a\u00f1os y con una ejecuci\u00f3n del 5 por ciento, y el Alcalde se propuso impulsarla y que se construyera en 7 meses para que los padres de familia est\u00e9n tranquilos con sus hijos disfrutando de espacios que estimulen su crecimiento y desarrollo, elementos esenciales para la primera infancia.<\/p>\n<p>A las 3:30 p.m., ser\u00e1n entregados el paseo peatonal del puente Heredia y el parque Joaqu\u00edn F. V\u00e9lez, que para su conservaci\u00f3n y mantenimiento, el Distrito lo entregar\u00e1 bajo custodia de la Escuela Taller Cartagena de Indias.<\/p>\n<p><strong>Desfile folcl\u00f3rico y concierto<\/strong><\/p>\n<p>Despu\u00e9s de entregar estas obras, el Alcalde y el director del IPCC liderar\u00e1n el desfile cultural Tierra de Calamar\u00edes, que inicia en Las B\u00f3vedas y termina en la Plaza de la Aduana, que muestra una mezcla de nuestras ra\u00edces.<\/p>\n<p>La agenda termina con un concierto multigeneracional, plural y vinculante totalmente gratuito. Se presentara Michi Sarmiento y su combo Bravo, Kevin Fl\u00f3rez, Haramb\u00fa, Los In\u00e9ditos de Colombia, Heroico, el sonido cartagenero, Qarto Aparte, Grupo Fandango, Coro Gospel de Cartagena y DJ Fetcho.<\/p>\n","protected":false},"excerpt":{"rendered":"<p>Una agenda conmemorativa que incluye la entrega de unas obras y el inicio de otras importantes para la competitividad tur\u00edstica y la seguridad de los cartageneros, una liturgia, un desfile que representa la mezcla multicultural que nos identifica ante el mundo y nos hace \u00fanicos, y una celebraci\u00f3n a la cartagenera con un concierto en la Plaza de la Aduana, la Alcald\u00eda festeja el cumplea\u00f1os n\u00famero 486 de la ciudad. El alcalde Pedrito Pereira Caballero invit\u00f3 a los cartageneros a demostrar con peque\u00f1os gestos, el amor y el sentido de&#8230; <\/p>\n","protected":false},"author":3,"featured_media":30298,"comment_status":"open","ping_status":"closed","sticky":false,"template":"","format":"standard","meta":{"footnotes":"","_links_to":"","_links_to_target":""},"categories":[75,32],"tags":[],"class_list":["post-30284","post","type-post","status-publish","format-standard","has-post-thumbnail","hentry","category-destacada","category-actualidad-distrito"],"_links":{"self":[{"href":"https:\/\/revistazetta.com\/index.php?rest_route=\/wp\/v2\/posts\/30284","targetHints":{"allow":["GET"]}}],"collection":[{"href":"https:\/\/revistazetta.com\/index.php?rest_route=\/wp\/v2\/posts"}],"about":[{"href":"https:\/\/revistazetta.com\/index.php?rest_route=\/wp\/v2\/types\/post"}],"author":[{"embeddable":true,"href":"https:\/\/revistazetta.com\/index.php?rest_route=\/wp\/v2\/users\/3"}],"replies":[{"embeddable":true,"href":"https:\/\/revistazetta.com\/index.php?rest_route=%2Fwp%2Fv2%2Fcomments&post=30284"}],"version-history":[{"count":0,"href":"https:\/\/revistazetta.com\/index.php?rest_route=\/wp\/v2\/posts\/30284\/revisions"}],"wp:featuredmedia":[{"embeddable":true,"href":"https:\/\/revistazetta.com\/index.php?rest_route=\/wp\/v2\/media\/30298"}],"wp:attachment":[{"href":"https:\/\/revistazetta.com\/index.php?rest_route=%2Fwp%2Fv2%2Fmedia&parent=30284"}],"wp:term":[{"taxonomy":"category","embeddable":true,"href":"https:\/\/revistazetta.com\/index.php?rest_route=%2Fwp%2Fv2%2Fcategories&post=30284"},{"taxonomy":"post_tag","embeddable":true,"href":"https:\/\/revistazetta.com\/index.php?rest_route=%2Fwp%2Fv2%2Ftags&post=30284"}],"curies":[{"name":"wp","href":"https:\/\/api.w.org\/{rel}","templated":true}]}}