{"id":30288,"date":"2019-05-31T20:11:34","date_gmt":"2019-06-01T01:11:34","guid":{"rendered":"http:\/\/www.revistazetta.com\/?p=30288"},"modified":"2019-05-31T20:13:13","modified_gmt":"2019-06-01T01:13:13","slug":"increible-mincultura-atribuye-rebelion-michi-sarmiento-no-joe-arroyo","status":"publish","type":"post","link":"https:\/\/revistazetta.com\/?p=30288","title":{"rendered":"Incre\u00edble: MinCultura atribuye \u201cRebeli\u00f3n\u201d a Michi Sarmiento y no a Joe Arroyo"},"content":{"rendered":"<p>El mism\u00edsimo Ministerio de Cultura emiti\u00f3 un comunicado de prensa donde atribuye \u201cRebeli\u00f3n\u201d, la obra maestra de Joe Arroyo, al gran m\u00fasico tambi\u00e9n cartagenero Michi Sarmiento.<\/p>\n<p>En una informaci\u00f3n alusiva a un nuevo festival llamado \u201cContrapunto\u201d, el Ministerio de Cultura afirma:<\/p>\n<blockquote>\n<h4>\u201cComo\u00a0<strong>invitado especial<\/strong>\u00a0estar\u00e1 el legendario\u00a0<strong>Michi Sarmiento, precursor de la salsa en Colombia<\/strong>, quien compuso la canci\u00f3n Rebeli\u00f3n que interpret\u00f3 Joe Arroyo, encargado del concierto de cierre del festival\u201d.<\/h4>\n<\/blockquote>\n<p>Que Michi sea precursor de la salsa es relativo, pero afirmar que es el autor de Rebeli\u00f3n es una pifia imperdonable en el organismo supremo de la cultura en Colombia.<\/p>\n<p>Investigadores musicales autorizados sostienen que la obra \u201cRebeli\u00f3n\u201d fue compuesta por Joe Arroyo y entregada a Roberto \u201cJoe\u201d Urquijo, quien la grab\u00f3 en 1978 con el nombre \u201cEl Mulato\u201d en el \u00e1lbum \u201cRobert y su Banda\u201d.<\/p>\n<p>\u201cLo curioso del caso es que en los cr\u00e9ditos aparece como autora de la canci\u00f3n Adela Martelo, quien fue la primera esposa de Arroyo. \u201c\u00c9l ten\u00eda un contrato con Discos Fuentes y \u00e9l no pod\u00eda dar los temas a nadie que no fuera Fuentes. Y yo trabajaba para Codiscos\u201d, aclara Urquijo. En otras palabras, Arroyo, quien por entonces ten\u00eda 22 a\u00f1os y era la voz sensaci\u00f3n de Fruko y sus Tesos, le endos\u00f3 el tema a su mujer, simplemente para no tener l\u00edos con su sello disquero\u201d, dice Mauricio Silva Guzm\u00e1n, en un reportaje publicado en El Tiempo el\u00a025 de julio 2016.<\/p>\n<p>(( Ver: Rebeli\u00f3n: la canci\u00f3n del Joe, himno de lo afro, cumple 30 a\u00f1os: <a href=\"https:\/\/www.eltiempo.com\/archivo\/documento\/CMS-16654114\" target=\"_blank\" rel=\"noopener\">https:\/\/www.eltiempo.com\/archivo\/documento\/CMS-16654114<\/a>\u00a0))<\/p>\n<p>La Radio Nacional de Colombia tiene un excelente documento sonoro sobre el particular. Una entrevista con Roberto Urquijo, donde se escuchan las dos versiones de este tema.<\/p>\n<p><a href=\"https:\/\/www.radionacional.co\/podcasts\/cultura-contracultura-recontracultura\/urquijo-otro-joe\" target=\"_blank\" rel=\"noopener\">https:\/\/www.radionacional.co\/podcasts\/cultura-contracultura-recontracultura\/urquijo-otro-joe<\/a><\/p>\n<p>En este enlace de YoTube tambi\u00e9n est\u00e1 la versi\u00f3n que grab\u00f3 Roberto Urquijo.<\/p>\n<p><iframe loading=\"lazy\" src=\"https:\/\/www.youtube.com\/embed\/poaqdyiO8EY\" width=\"560\" height=\"315\" frameborder=\"0\" allowfullscreen=\"allowfullscreen\"><\/iframe><br \/>\nArtist: ROBERT Y SU BANDA Album: SOY LA LEY Label: ZEIDA DISCOS Year: 1978 Format: VINYL SIDE A 1. Soy La Ley (Adela Martelo De Arroyo) 2. Preso Y Sin Sentencia (D.R.) 3. Aquel Se\u00f1or (Armando Manzanero) 4. Mi Cari\u00f1o No Espera (Adela Martelo De Arroyo) 5. Dejala Que Se Vaya (Joaquin Bedoya) SIDE B 1. El Mulato (Adela Martelo De Arroyo) 2. Hijo De Gitana (Juvenal Viloria) 3. En La Inmensa Soledad (Juan De Leon Durruty) 4. Si Ella Pregunta Por Mi (G.A. Fernandez &#8211; Edia Cagnoli) 5. Son Candela (Joseito Fernandez).<\/p>\n<p><strong>Este es el texto del comunicado del Ministerio de Cultura:<\/strong><\/p>\n<h2 id=\":p4\" class=\"hP\" tabindex=\"-1\" data-thread-perm-id=\"thread-f:1635090058122226073\" data-legacy-thread-id=\"16b101beaa25e999\"><span style=\"color: #000080;\">Llega \u2018Contrapunto\u2019, el festival de las nuevas m\u00fasicas colombianas<\/span><\/h2>\n<p><span style=\"color: #000080;\"><em><strong>Bogot\u00e1 D. C., 31\u00a0de mayo de 2019<\/strong>\u00a0&#8211; \u2018Contrapunto\u2019\u00a0<strong>el festival musical que logra combinar la academia e integra conciertos en Bogot\u00e1<\/strong>, llega con invitados estelares y trae para el p\u00fablico en general una marat\u00f3n de 11 conciertos y actividades acad\u00e9micas dirigida a m\u00fasicos, investigadores y gestores, que abrir\u00e1n espacios para el di\u00e1logo sobre la creaci\u00f3n, la investigaci\u00f3n y gesti\u00f3n musical actual en Colombia.<\/em><\/span><\/p>\n<p><span style=\"color: #000080;\"><em>El encuentro que\u00a0<strong>desarrolla el Teatro Col\u00f3n en articulaci\u00f3n con la agrupaci\u00f3n Curupira<\/strong>, analiza, por ejemplo, la tendencia de la nueva generaci\u00f3n de m\u00fasicos colombianos por explorar los g\u00e9neros musicales globales para ponerlos en di\u00e1logo con m\u00fasicas populares, rurales y urbanas.<\/em><\/span><br \/>\n<span style=\"color: #000080;\"><em>\u00a0<\/em><\/span><br \/>\n<span style=\"color: #000080;\"><em>\u201cPor primera vez en Colombia\u00a0<strong>se reunir\u00e1n los mejores exponentes de las musicales tradicionales, investigadores, gestores y m\u00fasicos<\/strong>\u00a0para ofrecer en un espacio pedag\u00f3gico, tanto te\u00f3rico como pr\u00e1ctico, sus conocimientos del oficio, experiencias de vida y perspectivas de la escena musical contempor\u00e1nea\u201d, coment\u00f3 la directora del Festival \u2018Contrapunto\u2019, Mar\u00eda Jos\u00e9 Salgado.<\/em><\/span><br \/>\n<span style=\"color: #000080;\"><em>\u00a0<\/em><\/span><br \/>\n<span style=\"color: #000080;\"><em>El\u00a0<strong>espacio acad\u00e9mico<\/strong>\u00a0que se desarrollar\u00e1 del\u00a0<strong>10 al 14 de junio contar\u00e1 con 5 ponencias, 4 conversatorios y 1 taller creativo<\/strong>\u00a0que culminar\u00e1 en un montaje colectivo.<\/em><\/span><\/p>\n<p><span style=\"color: #000080;\"><em>Alrededor de\u00a0<strong>20 conferencistas nacionales e internacionales participar\u00e1n<\/strong>, entre los cuales se encuentran los compositores: Richard Blair, Juan Carlos Pellegrino, Zully Murillo, Ernesto Ocampo, Javier P\u00e9rez, Juan Sebasti\u00e1n Monsalve, Diego Obreg\u00f3n; los int\u00e9rpretes: Andris Padilla Julio (Afro Neto), Emilsen Pacheco, Luis Gait\u00e1n, Omar Romero, Jorge Sep\u00falveda y Alejandro Cifuentes; y los investigadores: Uri\u00e1n Sarmiento, Carlos Mi\u00f1ana, Sim\u00f3n Calle, Luis Gabriel Mesa, Juan Sebasti\u00e1n Rojas, Guillermo Carb\u00f3 y Jorge Sossa; y el gestor Tom\u00e1s Muhr (Chile).<\/em><\/span><\/p>\n<blockquote><p><span style=\"color: #000080;\"><em>As\u00ed mismo,\u00a0<strong>la marat\u00f3n de 11 conciertos se realizar\u00e1 los d\u00edas 14 y 15 de junio<\/strong>, con las agrupaciones de algunos de los ponentes del seminario y un concierto de ensamble colectivo fruto del taller creativo. <span style=\"color: #ff0000;\">Como\u00a0<strong>invitado especial<\/strong>\u00a0estar\u00e1 el legendario\u00a0<strong>Michi Sarmiento, precursor de la salsa en Colombia<\/strong>, quien compuso la canci\u00f3n Rebeli\u00f3n que interpret\u00f3 Joe Arroyo, encargado del concierto de cierre del festival.<\/span><\/em><\/span><\/p><\/blockquote>\n<p><span style=\"color: #000080;\"><em>En la programaci\u00f3n\u00a0<strong>para el d\u00eda 14 de junio<\/strong>\u00a0estar\u00e1n las agrupaciones: Mucho Indio, Chirrim\u00eda bals\u00e1mica, Kombilesa M\u00ed, Zully Murillo y La mojarra el\u00e9ctrica;\u00a0<strong>el 15 de junio<\/strong>: Chicha y guarapo, Carrera quinta ensamble, Emilsen Pacheco y su Bullerengue tradicional de San Juan de Urab\u00e1, Ensamble Taller Curupira y Michi Sarmiento,\u00a0<\/em><\/span><br \/>\n<span style=\"color: #000080;\"><em>\u00a0<\/em><\/span><br \/>\n<span style=\"color: #000080;\"><em>Desde ya\u00a0<strong>se encuentra disponible la boleter\u00eda<\/strong>\u00a0para el Festival \u2018Contrapunto\u2019. Tiene un costo de $50.000 por d\u00eda de concierto y se puede conseguir a trav\u00e9s de\u00a0<a style=\"color: #000080;\" href=\"https:\/\/www.tuboleta.com\/\" data-saferedirecturl=\"https:\/\/www.google.com\/url?q=https:\/\/www.tuboleta.com&amp;source=gmail&amp;ust=1559431948296000&amp;usg=AFQjCNFSm5Rk-zuiaKY-TlWvsKCq86MttA\" target=\"_blank\" rel=\"noopener\">www.tuboleta.com<\/a>, en puntos TuBoleta a nivel nacional y en la taquilla del Teatro Col\u00f3n.<\/em><\/span><\/p>\n","protected":false},"excerpt":{"rendered":"<p>El mism\u00edsimo Ministerio de Cultura emiti\u00f3 un comunicado de prensa donde atribuye \u201cRebeli\u00f3n\u201d, la obra maestra de Joe Arroyo, al gran m\u00fasico tambi\u00e9n cartagenero Michi Sarmiento. En una informaci\u00f3n alusiva a un nuevo festival llamado \u201cContrapunto\u201d, el Ministerio de Cultura afirma: \u201cComo\u00a0invitado especial\u00a0estar\u00e1 el legendario\u00a0Michi Sarmiento, precursor de la salsa en Colombia, quien compuso la canci\u00f3n Rebeli\u00f3n que interpret\u00f3 Joe Arroyo, encargado del concierto de cierre del festival\u201d. Que Michi sea precursor de la salsa es relativo, pero afirmar que es el autor de Rebeli\u00f3n es una pifia imperdonable en&#8230; <\/p>\n","protected":false},"author":3,"featured_media":30289,"comment_status":"open","ping_status":"closed","sticky":false,"template":"","format":"standard","meta":{"footnotes":"","_links_to":"","_links_to_target":""},"categories":[41,75,43],"tags":[],"class_list":["post-30288","post","type-post","status-publish","format-standard","has-post-thumbnail","hentry","category-cultura","category-destacada","category-cultura-musica"],"_links":{"self":[{"href":"https:\/\/revistazetta.com\/index.php?rest_route=\/wp\/v2\/posts\/30288","targetHints":{"allow":["GET"]}}],"collection":[{"href":"https:\/\/revistazetta.com\/index.php?rest_route=\/wp\/v2\/posts"}],"about":[{"href":"https:\/\/revistazetta.com\/index.php?rest_route=\/wp\/v2\/types\/post"}],"author":[{"embeddable":true,"href":"https:\/\/revistazetta.com\/index.php?rest_route=\/wp\/v2\/users\/3"}],"replies":[{"embeddable":true,"href":"https:\/\/revistazetta.com\/index.php?rest_route=%2Fwp%2Fv2%2Fcomments&post=30288"}],"version-history":[{"count":0,"href":"https:\/\/revistazetta.com\/index.php?rest_route=\/wp\/v2\/posts\/30288\/revisions"}],"wp:featuredmedia":[{"embeddable":true,"href":"https:\/\/revistazetta.com\/index.php?rest_route=\/wp\/v2\/media\/30289"}],"wp:attachment":[{"href":"https:\/\/revistazetta.com\/index.php?rest_route=%2Fwp%2Fv2%2Fmedia&parent=30288"}],"wp:term":[{"taxonomy":"category","embeddable":true,"href":"https:\/\/revistazetta.com\/index.php?rest_route=%2Fwp%2Fv2%2Fcategories&post=30288"},{"taxonomy":"post_tag","embeddable":true,"href":"https:\/\/revistazetta.com\/index.php?rest_route=%2Fwp%2Fv2%2Ftags&post=30288"}],"curies":[{"name":"wp","href":"https:\/\/api.w.org\/{rel}","templated":true}]}}