{"id":30293,"date":"2019-05-31T21:28:25","date_gmt":"2019-06-01T02:28:25","guid":{"rendered":"http:\/\/www.revistazetta.com\/?p=30293"},"modified":"2019-05-31T21:28:25","modified_gmt":"2019-06-01T02:28:25","slug":"obama-como-vamos","status":"publish","type":"post","link":"https:\/\/revistazetta.com\/?p=30293","title":{"rendered":"Obama C\u00f3mo Vamos"},"content":{"rendered":"<p>El mi\u00e9rcoles 29 de mayo de 2019 en la ciudad de Bogot\u00e1, la Fundaci\u00f3n Obama organiz\u00f3 un evento con ciudadanos j\u00f3venes de Colombia, que ejercen liderazgo en sus comunidades con el prop\u00f3sito de conversar sobre la importancia de la participaci\u00f3n y del liderazgo de la ciudadan\u00eda para inspirar, empoderar y conectar a las personas para cambiar su entorno.<\/p>\n<p>Entre los l\u00edderes\u00a0que participaron\u00a0en el encuentro asistieron j\u00f3venes\u00a0que impulsan a sus comunidades a movilizarse por la paz, los derechos humanos y la igualdad, trabajan para democratizar los servicios p\u00fablicos como la energ\u00eda y la electricidad en \u00e1reas con altos \u00edndices de pobrezas y mejorar la calidad de vida de sus comunidades. Todos convencidos del potencial de sus territorios.<\/p>\n<p><img loading=\"lazy\" decoding=\"async\" class=\"alignright size-medium wp-image-30294\" src=\"https:\/\/www.revistazetta.com\/wp-content\/uploads\/2019\/05\/OF052919EP_588-e1559231507510-300x200.jpg\" alt=\"\" width=\"300\" height=\"200\" srcset=\"https:\/\/revistazetta.com\/wp-content\/uploads\/2019\/05\/OF052919EP_588-e1559231507510-300x200.jpg 300w, https:\/\/revistazetta.com\/wp-content\/uploads\/2019\/05\/OF052919EP_588-e1559231507510-219x146.jpg 219w, https:\/\/revistazetta.com\/wp-content\/uploads\/2019\/05\/OF052919EP_588-e1559231507510-50x33.jpg 50w, https:\/\/revistazetta.com\/wp-content\/uploads\/2019\/05\/OF052919EP_588-e1559231507510-113x75.jpg 113w, https:\/\/revistazetta.com\/wp-content\/uploads\/2019\/05\/OF052919EP_588-e1559231507510.jpg 900w\" sizes=\"auto, (max-width: 300px) 100vw, 300px\" \/>En un comunicado de la Fundaci\u00f3n Obama aseguran que tanto para la Fundaci\u00f3n como para el presidente Obama,\u00a0\u00absabemos que la mejor forma en que podemos de apoyar a estos l\u00edderes es escucharlos, sus mayores victorias, sus contratiempos y sus visiones para sus comunidades en el futuro\u00bb. Esta es la segunda mesa\u00a0 redonda del presidente Obama con j\u00f3venes l\u00edderes en Am\u00e9rica del Sur desde el lanzamiento de la Fundaci\u00f3n Obama, y es parte de una serie de encuentros globales que la Fundaci\u00f3n ha llevado a cabo en los \u00faltimos dos a\u00f1os.\u00a0Las discusiones ayudan a guiar la programaci\u00f3n internacional de la Fundaci\u00f3n para apoyar a la pr\u00f3xima generaci\u00f3n de l\u00edderes en todo el mundo con herramientas, recursos y capacitaciones\u00bb.<\/p>\n<p>Durante su intervenci\u00f3n inicial, la directora de Cartagena C\u00f3mo Vamos, Mar\u00eda Claudia Pe\u00f1as, se\u00f1al\u00f3 que \u201cm\u00e1s all\u00e1 de compilar, analizar y visibilizar datos socio econ\u00f3micos y ambientales de la ciudad, el papel de Cartagena C\u00f3mo Vamos es conectar a los ciudadanos con necesidades de mejoras en su calidad de vida, con aquellos actores que tienen el poder de tomar decisiones al respecto. El reto siempre ha sido pasar de los promedios y las gr\u00e1ficas a generar acciones\u201d.<\/p>\n<p>Adicionalmente habl\u00f3 de la necesidad de \u201cfortalecer nuevos y mejores liderazgos, comprometidos con el bien com\u00fan, capaces de articular esfuerzos y abrir caminos para los futuros l\u00edderes. La Fundaci\u00f3n Obama podr\u00eda jugar un rol fundamental en Colombia y especialmente en ciudades como Cartagena, generando canales de di\u00e1logo entre grupos de inter\u00e9s, que quiz\u00e1s de otra forma no se sentar\u00edan en la misma mesa\u201d.<\/p>\n<h4>Sobre la Fundaci\u00f3n Obama<\/h4>\n<p>La Fundaci\u00f3n Obama es una organizaci\u00f3n no partidista cuya misi\u00f3n es inspirar, empoderar y conectar personas para cambiar su mundo. M\u00e1s informaci\u00f3n en <a href=\"https:\/\/www.obama.org\/\" target=\"_blank\" rel=\"noopener\">obama.org<\/a><\/p>\n","protected":false},"excerpt":{"rendered":"<p>El mi\u00e9rcoles 29 de mayo de 2019 en la ciudad de Bogot\u00e1, la Fundaci\u00f3n Obama organiz\u00f3 un evento con ciudadanos j\u00f3venes de Colombia, que ejercen liderazgo en sus comunidades con el prop\u00f3sito de conversar sobre la importancia de la participaci\u00f3n y del liderazgo de la ciudadan\u00eda para inspirar, empoderar y conectar a las personas para cambiar su entorno. Entre los l\u00edderes\u00a0que participaron\u00a0en el encuentro asistieron j\u00f3venes\u00a0que impulsan a sus comunidades a movilizarse por la paz, los derechos humanos y la igualdad, trabajan para democratizar los servicios p\u00fablicos como la energ\u00eda&#8230; <\/p>\n","protected":false},"author":3,"featured_media":30295,"comment_status":"open","ping_status":"closed","sticky":false,"template":"","format":"standard","meta":{"footnotes":"","_links_to":"","_links_to_target":""},"categories":[2,75,35],"tags":[],"class_list":["post-30293","post","type-post","status-publish","format-standard","has-post-thumbnail","hentry","category-actualidad","category-destacada","category-actualidad-nacion"],"_links":{"self":[{"href":"https:\/\/revistazetta.com\/index.php?rest_route=\/wp\/v2\/posts\/30293","targetHints":{"allow":["GET"]}}],"collection":[{"href":"https:\/\/revistazetta.com\/index.php?rest_route=\/wp\/v2\/posts"}],"about":[{"href":"https:\/\/revistazetta.com\/index.php?rest_route=\/wp\/v2\/types\/post"}],"author":[{"embeddable":true,"href":"https:\/\/revistazetta.com\/index.php?rest_route=\/wp\/v2\/users\/3"}],"replies":[{"embeddable":true,"href":"https:\/\/revistazetta.com\/index.php?rest_route=%2Fwp%2Fv2%2Fcomments&post=30293"}],"version-history":[{"count":0,"href":"https:\/\/revistazetta.com\/index.php?rest_route=\/wp\/v2\/posts\/30293\/revisions"}],"wp:featuredmedia":[{"embeddable":true,"href":"https:\/\/revistazetta.com\/index.php?rest_route=\/wp\/v2\/media\/30295"}],"wp:attachment":[{"href":"https:\/\/revistazetta.com\/index.php?rest_route=%2Fwp%2Fv2%2Fmedia&parent=30293"}],"wp:term":[{"taxonomy":"category","embeddable":true,"href":"https:\/\/revistazetta.com\/index.php?rest_route=%2Fwp%2Fv2%2Fcategories&post=30293"},{"taxonomy":"post_tag","embeddable":true,"href":"https:\/\/revistazetta.com\/index.php?rest_route=%2Fwp%2Fv2%2Ftags&post=30293"}],"curies":[{"name":"wp","href":"https:\/\/api.w.org\/{rel}","templated":true}]}}