{"id":30300,"date":"2019-05-31T22:27:43","date_gmt":"2019-06-01T03:27:43","guid":{"rendered":"http:\/\/www.revistazetta.com\/?p=30300"},"modified":"2019-05-31T22:27:43","modified_gmt":"2019-06-01T03:27:43","slug":"cumpleanos-486-cartagena-vicente-blel-scaff-ratifica-compromiso-la-ciudad","status":"publish","type":"post","link":"https:\/\/revistazetta.com\/?p=30300","title":{"rendered":"En el cumplea\u00f1os 486 de Cartagena, Vicente Blel Scaff ratifica su compromiso con la ciudad"},"content":{"rendered":"<p>En las comunidades, escuchando a los cartageneros y tomando apunte de lo que ellos proponen para que Cartagena sea la ciudad l\u00edder del Caribe Colombiano. As\u00ed celebra el candidato a la Gobernaci\u00f3n de Bol\u00edvar, Vicente Blel Scaff, el cumplea\u00f1os 486 de La Heroica.<\/p>\n<p>La celebraci\u00f3n la inici\u00f3 este viernes tom\u00e1ndose el barrio Nelson Mandela, donde realiz\u00f3 primero un puerta a puerta y, m\u00e1s tarde, una caminata en los sectores 3 de Junio, Nueva Venecia, Los Millos y El Progreso.<\/p>\n<p>Desde este sector, el candidato del Partido Conservador expres\u00f3, \u00abaprovecho esta fecha especial para invitar a todos los cartageneros a vincularse a esta candidatura, para que unidos trabajemos por el desarrollo y crecimiento de nuestra Cartagena, la ciudad de todos. Recibir el respaldo de cada uno de ustedes robustece este proyecto, porque somos ganadores, avanzamos y ahora seremos l\u00edderes\u00bb.<\/p>\n<p><strong>Agenda s\u00e1bado y domingo<\/strong><\/p>\n<p>Para este s\u00e1bado el candidato a la Gobernaci\u00f3n de Bol\u00edvar iniciar\u00e1 su agenda con multitudinario encuentro con j\u00f3venes, luego realizar\u00e1 una toma masiva a Localidad uno, Hist\u00f3rica y del Caribe Norte.<\/p>\n<p>Para el domingo estar\u00e1 visitando amigos de la Localidad dos y asistir\u00e1 al encuentro del Real Cartagena contra Cortulu\u00e1 en el estadio Jaime Mor\u00f3n.<\/p>\n<p>&nbsp;<\/p>\n","protected":false},"excerpt":{"rendered":"<p>En las comunidades, escuchando a los cartageneros y tomando apunte de lo que ellos proponen para que Cartagena sea la ciudad l\u00edder del Caribe Colombiano. As\u00ed celebra el candidato a la Gobernaci\u00f3n de Bol\u00edvar, Vicente Blel Scaff, el cumplea\u00f1os 486 de La Heroica. La celebraci\u00f3n la inici\u00f3 este viernes tom\u00e1ndose el barrio Nelson Mandela, donde realiz\u00f3 primero un puerta a puerta y, m\u00e1s tarde, una caminata en los sectores 3 de Junio, Nueva Venecia, Los Millos y El Progreso. Desde este sector, el candidato del Partido Conservador expres\u00f3, \u00abaprovecho esta&#8230; <\/p>\n","protected":false},"author":3,"featured_media":30301,"comment_status":"open","ping_status":"closed","sticky":false,"template":"","format":"standard","meta":{"footnotes":"","_links_to":"","_links_to_target":""},"categories":[4],"tags":[],"class_list":["post-30300","post","type-post","status-publish","format-standard","has-post-thumbnail","hentry","category-politica"],"_links":{"self":[{"href":"https:\/\/revistazetta.com\/index.php?rest_route=\/wp\/v2\/posts\/30300","targetHints":{"allow":["GET"]}}],"collection":[{"href":"https:\/\/revistazetta.com\/index.php?rest_route=\/wp\/v2\/posts"}],"about":[{"href":"https:\/\/revistazetta.com\/index.php?rest_route=\/wp\/v2\/types\/post"}],"author":[{"embeddable":true,"href":"https:\/\/revistazetta.com\/index.php?rest_route=\/wp\/v2\/users\/3"}],"replies":[{"embeddable":true,"href":"https:\/\/revistazetta.com\/index.php?rest_route=%2Fwp%2Fv2%2Fcomments&post=30300"}],"version-history":[{"count":0,"href":"https:\/\/revistazetta.com\/index.php?rest_route=\/wp\/v2\/posts\/30300\/revisions"}],"wp:featuredmedia":[{"embeddable":true,"href":"https:\/\/revistazetta.com\/index.php?rest_route=\/wp\/v2\/media\/30301"}],"wp:attachment":[{"href":"https:\/\/revistazetta.com\/index.php?rest_route=%2Fwp%2Fv2%2Fmedia&parent=30300"}],"wp:term":[{"taxonomy":"category","embeddable":true,"href":"https:\/\/revistazetta.com\/index.php?rest_route=%2Fwp%2Fv2%2Fcategories&post=30300"},{"taxonomy":"post_tag","embeddable":true,"href":"https:\/\/revistazetta.com\/index.php?rest_route=%2Fwp%2Fv2%2Ftags&post=30300"}],"curies":[{"name":"wp","href":"https:\/\/api.w.org\/{rel}","templated":true}]}}