{"id":30302,"date":"2019-05-31T22:48:24","date_gmt":"2019-06-01T03:48:24","guid":{"rendered":"http:\/\/www.revistazetta.com\/?p=30302"},"modified":"2019-05-31T22:49:01","modified_gmt":"2019-06-01T03:49:01","slug":"30302","status":"publish","type":"post","link":"https:\/\/revistazetta.com\/?p=30302","title":{"rendered":"Cardique invierte $4 mil millones en relimpia de 10 canales"},"content":{"rendered":"<p>El alcalde Pedrito Pereira destac\u00f3 la importancia de trabajar unidos por Cartagena al aludir a los trabajos de limpieza de 10 canales de Cartagena que inici\u00f3 Cardique, con una inversi\u00f3n superior a $4 mil millones. \u201cTrabajando unidos podemos resolver muchos problemas de Cartagena. Hoy es una muestra de esto\u201d, sostuvo.<br \/>\nAprovech\u00f3 el encuentro entre Cardique y la administraci\u00f3n para destacar el trabajo operativo que se viene cumpliendo por la recuperaci\u00f3n ambiental de la ciudad y resalt\u00f3 tambi\u00e9n las acciones adelantadas por el Ecobloque del Distrito. \u201cQuiero agradecerle a Cardique, en nombre de Cartagena, y en v\u00edsperas del cumplea\u00f1os 486 de la ciudad (s\u00e1bado 1 de junio) por esta contribuci\u00f3n tan importante al invertir en la relimpieza de estos canales en la zona suroriental\u201d.<br \/>\nEl mandatario destac\u00f3 lo trascendental de estas obras, teniendo en cuenta el inicio de la primera temporada invernal. \u201cAqu\u00ed, en el canal El Tab\u00fa, se da inicio a estos trabajos que ser\u00e1n de gran beneficio para estas comunidades\u201d.<br \/>\nM\u00e1s limpiezas de canales<br \/>\nPereira Caballero anunci\u00f3 que muy seguramente la pr\u00f3xima semana se dar\u00e1 a conocer que el Distrito har\u00e1 una inversi\u00f3n importante para limpiar otros canales en la ciudad. \u201cEstos se har\u00e1n despu\u00e9s de cumplir todo del proceso contractual. La idea es limpiarlos y mantenerlos limpios hasta final de este a\u00f1o, con lo que cumplimos con nuestra obligaci\u00f3n de prevenir, de mitigar y generar una mejor calidad de vida a los cartageneros\u201d.<br \/>\nRecord\u00f3 que al iniciar su encargo, se present\u00f3 un proyecto de acuerdo que buscaba intervenir de una manera definitiva o iniciar la primera fase de la construcci\u00f3n del sistema de drenajes pluviales pero no se pudo. Ahora, en este \u00faltimo a\u00f1o de gobierno estudiamos qu\u00e9 se puede hacer para planear, contratar y ejecutar obras que podamos entregar este mismo a\u00f1o para beneficio de nuestras comunidades\u201d, puntualiz\u00f3.<\/p>\n<p><strong>La Perimetral<\/strong><br \/>\nPereira Caballero record\u00f3 que hace algunos meses estuvo con el Procurador en La Perimetral, y despu\u00e9s de una serie de gestiones, se puede decir que esta importante v\u00eda de Cartagena ya aparece incluida en el Plan Nacional de Desarrollo. Este es un gran avance y todo lo que se pueda hacer en los meses que resta de este gobierno procuraremos adelantar al m\u00e1ximo este proyecto con la continuaci\u00f3n de este tramo vial\u201d.<br \/>\nCardique<br \/>\nPor su parte, \u00c1ngelo Bacci, director de Cardique, agradeci\u00f3 todo el apoyo que ha recibido por parte del Distrito. \u201cEsto es una muestra de que trabajando en equipo, como dijo el Alcalde, se pueden lograr muchas cosas\u201d.<br \/>\nDijo que estas obras a realizar no son la soluci\u00f3n definitiva a los problemas de saneamiento ambiental de los cuerpos de agua, pero es un punto de partida para que se comience a trabajar por la soluci\u00f3n definitiva a esta problem\u00e1tica.<br \/>\n\u201cAqu\u00ed hay una nuestra m\u00e1s de que Cartagena cuenta con Alcalde comprometido, que se puso la camiseta por Cartagena, siempre ha estado preocupado por las problem\u00e1ticas ambientales de este territorio y siempre ha vigilado que los recursos e inviertan de la mejor manera para beneficio de los cartageneros Alcalde, esto es de usted, nosotros solo somos una herramienta para facilitar que estas inversiones se den, solo con su apoyo salimos adelante en este proceso. Hoy es un granito de arena que pone Cardique y queremos que estos proyectos vayan de la mano de la comunidad\u201d.<br \/>\nLa interventor\u00eda del proyecto de relimpia de los 10 canales est\u00e1 en cabeza de Cardique. Se velar\u00e1 por la limpieza de los canales desde la Pedro de Heredia hasta los descoles (en la Perimetral), con lo que se espera que hay un mejoramiento del sistema hidr\u00e1ulico de esos cuerpos de agua.<br \/>\nLos canales a limpiar<br \/>\n*Canal Navidad y Puerto de Pescadores<br \/>\n*Canal Bol\u00edvar<br \/>\n*Canal Mar\u00eda Auxiliadora<br \/>\n*Canal San Pablo<br \/>\n*Canal Barcelona<br \/>\n*Canal San Mart\u00edn<br \/>\n*Canal El L\u00edbano<br \/>\n*Salim Bechara<br \/>\n*Tab\u00fa<br \/>\n*Canal Ricaurte<\/p>\n","protected":false},"excerpt":{"rendered":"<p>El alcalde Pedrito Pereira destac\u00f3 la importancia de trabajar unidos por Cartagena al aludir a los trabajos de limpieza de 10 canales de Cartagena que inici\u00f3 Cardique, con una inversi\u00f3n superior a $4 mil millones. \u201cTrabajando unidos podemos resolver muchos problemas de Cartagena. Hoy es una muestra de esto\u201d, sostuvo. Aprovech\u00f3 el encuentro entre Cardique y la administraci\u00f3n para destacar el trabajo operativo que se viene cumpliendo por la recuperaci\u00f3n ambiental de la ciudad y resalt\u00f3 tambi\u00e9n las acciones adelantadas por el Ecobloque del Distrito. \u201cQuiero agradecerle a Cardique, en&#8230; <\/p>\n","protected":false},"author":3,"featured_media":30303,"comment_status":"open","ping_status":"closed","sticky":false,"template":"","format":"standard","meta":{"footnotes":"","_links_to":"","_links_to_target":""},"categories":[75,32],"tags":[],"class_list":["post-30302","post","type-post","status-publish","format-standard","has-post-thumbnail","hentry","category-destacada","category-actualidad-distrito"],"_links":{"self":[{"href":"https:\/\/revistazetta.com\/index.php?rest_route=\/wp\/v2\/posts\/30302","targetHints":{"allow":["GET"]}}],"collection":[{"href":"https:\/\/revistazetta.com\/index.php?rest_route=\/wp\/v2\/posts"}],"about":[{"href":"https:\/\/revistazetta.com\/index.php?rest_route=\/wp\/v2\/types\/post"}],"author":[{"embeddable":true,"href":"https:\/\/revistazetta.com\/index.php?rest_route=\/wp\/v2\/users\/3"}],"replies":[{"embeddable":true,"href":"https:\/\/revistazetta.com\/index.php?rest_route=%2Fwp%2Fv2%2Fcomments&post=30302"}],"version-history":[{"count":0,"href":"https:\/\/revistazetta.com\/index.php?rest_route=\/wp\/v2\/posts\/30302\/revisions"}],"wp:featuredmedia":[{"embeddable":true,"href":"https:\/\/revistazetta.com\/index.php?rest_route=\/wp\/v2\/media\/30303"}],"wp:attachment":[{"href":"https:\/\/revistazetta.com\/index.php?rest_route=%2Fwp%2Fv2%2Fmedia&parent=30302"}],"wp:term":[{"taxonomy":"category","embeddable":true,"href":"https:\/\/revistazetta.com\/index.php?rest_route=%2Fwp%2Fv2%2Fcategories&post=30302"},{"taxonomy":"post_tag","embeddable":true,"href":"https:\/\/revistazetta.com\/index.php?rest_route=%2Fwp%2Fv2%2Ftags&post=30302"}],"curies":[{"name":"wp","href":"https:\/\/api.w.org\/{rel}","templated":true}]}}