{"id":30306,"date":"2019-06-01T00:40:13","date_gmt":"2019-06-01T05:40:13","guid":{"rendered":"http:\/\/www.revistazetta.com\/?p=30306"},"modified":"2019-06-01T00:40:13","modified_gmt":"2019-06-01T05:40:13","slug":"gremios-nulidad-eleccion-quinto-asegurar-la-estabilidad-institucional-cartagena","status":"publish","type":"post","link":"https:\/\/revistazetta.com\/?p=30306","title":{"rendered":"Gremios sobre nulidad de elecci\u00f3n de Quinto: asegurar la estabilidad institucional de Cartagena"},"content":{"rendered":"<p>El Consejo Gremial de Bol\u00edvar se pronunci\u00f3 respecto de la decisi\u00f3n del Consejo de Estado de ratificar la nulidad de la elecci\u00f3n de Quinto Guerra Varela como alcalde de Cartagena, y se\u00f1al\u00f3 que el Gobierno nacional debe \u00abasegurar la estabilidad institucional en Cartagena\u00bb.<\/p>\n<p>EL CGB tambi\u00e9n resalto la gesti\u00f3n del alcalde encargado Pedrito Pereira Caballero, y el apoyo de la vicepresidenta Marta Luc\u00eda Ram\u00edrez.<\/p>\n<p>Este esa el pronunciamiento:<\/p>\n<p><span style=\"color: #000080;\"><em>Ante la decisi\u00f3n de la Secci\u00f3n Quinta del Consejo de Estado que confirma la nulidad de la elecci\u00f3n de Antonio Quinto Guerra como Alcalde de Cartagena, y que ratifica a su vez la decisi\u00f3n del Tribunal Administrativo de Bol\u00edvar al respecto, el Consejo Gremial de Bol\u00edvar manifiesta su confianza en las decisiones que el Gobierno Nacional pueda tomar para asegurar la estabilidad institucional en Cartagena.<\/em><\/span><\/p>\n<p><span style=\"color: #000080;\"><em>Ver\u00f3nica Monterrosa, directora ejecutiva del Consejo Gremial, destaca que \u201cla ciudad se encuentra en un momento coyuntural para su desarrollo en todos los niveles, de cara a convertirse en un escenario clave para la competitividad regional, lo cual requiere un gobierno local estable, comprometido, informado y con visi\u00f3n de futuro que articule todas las fuerzas vivas que movilizan el desarrollo; y se hace necesario que dada esta decisi\u00f3n del Consejo de Estado, se asegure la mejor transici\u00f3n en virtud de las pr\u00f3ximas elecciones para Alcald\u00eda, principalmente, y dem\u00e1s corporaciones territoriales\u201d.<\/em><\/span><\/p>\n<p><span style=\"color: #000080;\"><em>El Consejo Gremial de Bol\u00edvar reconoce la gesti\u00f3n realizada hasta el momento por el Alcalde encargado, Pedrito Pereira, quien junto a la Vicepresidenta, Martha Luc\u00eda Ram\u00edrez, han logrado propiciar un escenario de sinergias que ha favorecido a la ciudad, \u201ccon una din\u00e1mica que ha marcado diferencia positiva y que produce el optimismo necesario para pensar que s\u00ed es posible lograr una Cartagena que cambia, crece, se desarrolla y ser\u00e1 m\u00e1s competitiva y con m\u00e1s oportunidades\u201d, concluy\u00f3 Monterrosa.<\/em><\/span><\/p>\n","protected":false},"excerpt":{"rendered":"<p>El Consejo Gremial de Bol\u00edvar se pronunci\u00f3 respecto de la decisi\u00f3n del Consejo de Estado de ratificar la nulidad de la elecci\u00f3n de Quinto Guerra Varela como alcalde de Cartagena, y se\u00f1al\u00f3 que el Gobierno nacional debe \u00abasegurar la estabilidad institucional en Cartagena\u00bb. EL CGB tambi\u00e9n resalto la gesti\u00f3n del alcalde encargado Pedrito Pereira Caballero, y el apoyo de la vicepresidenta Marta Luc\u00eda Ram\u00edrez. Este esa el pronunciamiento: Ante la decisi\u00f3n de la Secci\u00f3n Quinta del Consejo de Estado que confirma la nulidad de la elecci\u00f3n de Antonio Quinto Guerra&#8230; <\/p>\n","protected":false},"author":3,"featured_media":30307,"comment_status":"open","ping_status":"closed","sticky":false,"template":"","format":"standard","meta":{"footnotes":"","_links_to":"","_links_to_target":""},"categories":[3,50],"tags":[],"class_list":["post-30306","post","type-post","status-publish","format-standard","has-post-thumbnail","hentry","category-ciudad","category-empresa"],"_links":{"self":[{"href":"https:\/\/revistazetta.com\/index.php?rest_route=\/wp\/v2\/posts\/30306","targetHints":{"allow":["GET"]}}],"collection":[{"href":"https:\/\/revistazetta.com\/index.php?rest_route=\/wp\/v2\/posts"}],"about":[{"href":"https:\/\/revistazetta.com\/index.php?rest_route=\/wp\/v2\/types\/post"}],"author":[{"embeddable":true,"href":"https:\/\/revistazetta.com\/index.php?rest_route=\/wp\/v2\/users\/3"}],"replies":[{"embeddable":true,"href":"https:\/\/revistazetta.com\/index.php?rest_route=%2Fwp%2Fv2%2Fcomments&post=30306"}],"version-history":[{"count":0,"href":"https:\/\/revistazetta.com\/index.php?rest_route=\/wp\/v2\/posts\/30306\/revisions"}],"wp:featuredmedia":[{"embeddable":true,"href":"https:\/\/revistazetta.com\/index.php?rest_route=\/wp\/v2\/media\/30307"}],"wp:attachment":[{"href":"https:\/\/revistazetta.com\/index.php?rest_route=%2Fwp%2Fv2%2Fmedia&parent=30306"}],"wp:term":[{"taxonomy":"category","embeddable":true,"href":"https:\/\/revistazetta.com\/index.php?rest_route=%2Fwp%2Fv2%2Fcategories&post=30306"},{"taxonomy":"post_tag","embeddable":true,"href":"https:\/\/revistazetta.com\/index.php?rest_route=%2Fwp%2Fv2%2Ftags&post=30306"}],"curies":[{"name":"wp","href":"https:\/\/api.w.org\/{rel}","templated":true}]}}