{"id":30308,"date":"2019-06-01T06:06:14","date_gmt":"2019-06-01T11:06:14","guid":{"rendered":"http:\/\/www.revistazetta.com\/?p=30308"},"modified":"2019-06-01T06:06:14","modified_gmt":"2019-06-01T11:06:14","slug":"marin-renuncio-la-presidencia-del-concejo-mantiene-curul","status":"publish","type":"post","link":"https:\/\/revistazetta.com\/?p=30308","title":{"rendered":"Mar\u00edn renunci\u00f3 a la Presidencia del Concejo, pero mantiene curul"},"content":{"rendered":"<p>La apertura de las sesiones ordinarias del Concejo este 1 de junio tendr\u00e1 novedad especial en el Concejo: el presidente \u00d3scar Mar\u00edn ha renunciado a esa dignidad, y sus veces las har\u00e1 el primer vicepresidente C\u00e9sar Pi\u00f3n.<\/p>\n<p>En el m\u00e1s convulsionado de sus tiempos, el Concejo de Cartagena ha visto a muchos de sus integrantes ausentarse forzosamente por cuenta de medidas de aseguramiento, entradas y salidas de otros por tutelas, y ahora la renucia del presidente por haber sido declarada nula la resoluci\u00f3n que lo nombr\u00f3 como concejal.<\/p>\n<p>En la sesi\u00f3n de apertura, se deber\u00e1 hacer como cuando en el beisbol le daban base por bola intencional a un bateador, que en pitcher hacia cuatro lanzamientos malos para enviarlo a primera base. Entonces, para acatar el fallo del Consejo de Estado, llamar\u00e1n a Jorge Useche, pero como \u00e9ste renunci\u00f3 a su derecho en la lista, entonces volver\u00e1n a llamar a Mar\u00edn, que es el que sigue en votaci\u00f3n.<\/p>\n<p>Pi\u00f3n estar\u00e1 al frente de la Mesa Directiva mientras se ponen las bancadas de acuerdo en el nombre de un nuevo presidente.<\/p>\n","protected":false},"excerpt":{"rendered":"<p>La apertura de las sesiones ordinarias del Concejo este 1 de junio tendr\u00e1 novedad especial en el Concejo: el presidente \u00d3scar Mar\u00edn ha renunciado a esa dignidad, y sus veces las har\u00e1 el primer vicepresidente C\u00e9sar Pi\u00f3n. En el m\u00e1s convulsionado de sus tiempos, el Concejo de Cartagena ha visto a muchos de sus integrantes ausentarse forzosamente por cuenta de medidas de aseguramiento, entradas y salidas de otros por tutelas, y ahora la renucia del presidente por haber sido declarada nula la resoluci\u00f3n que lo nombr\u00f3 como concejal. En la&#8230; <\/p>\n","protected":false},"author":3,"featured_media":30309,"comment_status":"open","ping_status":"closed","sticky":false,"template":"","format":"standard","meta":{"footnotes":"","_links_to":"","_links_to_target":""},"categories":[75,27,4],"tags":[],"class_list":["post-30308","post","type-post","status-publish","format-standard","has-post-thumbnail","hentry","category-destacada","category-politicaconcejo","category-politica"],"_links":{"self":[{"href":"https:\/\/revistazetta.com\/index.php?rest_route=\/wp\/v2\/posts\/30308","targetHints":{"allow":["GET"]}}],"collection":[{"href":"https:\/\/revistazetta.com\/index.php?rest_route=\/wp\/v2\/posts"}],"about":[{"href":"https:\/\/revistazetta.com\/index.php?rest_route=\/wp\/v2\/types\/post"}],"author":[{"embeddable":true,"href":"https:\/\/revistazetta.com\/index.php?rest_route=\/wp\/v2\/users\/3"}],"replies":[{"embeddable":true,"href":"https:\/\/revistazetta.com\/index.php?rest_route=%2Fwp%2Fv2%2Fcomments&post=30308"}],"version-history":[{"count":0,"href":"https:\/\/revistazetta.com\/index.php?rest_route=\/wp\/v2\/posts\/30308\/revisions"}],"wp:featuredmedia":[{"embeddable":true,"href":"https:\/\/revistazetta.com\/index.php?rest_route=\/wp\/v2\/media\/30309"}],"wp:attachment":[{"href":"https:\/\/revistazetta.com\/index.php?rest_route=%2Fwp%2Fv2%2Fmedia&parent=30308"}],"wp:term":[{"taxonomy":"category","embeddable":true,"href":"https:\/\/revistazetta.com\/index.php?rest_route=%2Fwp%2Fv2%2Fcategories&post=30308"},{"taxonomy":"post_tag","embeddable":true,"href":"https:\/\/revistazetta.com\/index.php?rest_route=%2Fwp%2Fv2%2Ftags&post=30308"}],"curies":[{"name":"wp","href":"https:\/\/api.w.org\/{rel}","templated":true}]}}