{"id":30625,"date":"2019-06-27T06:38:01","date_gmt":"2019-06-27T11:38:01","guid":{"rendered":"http:\/\/www.revistazetta.com\/?p=30625"},"modified":"2019-06-27T06:38:01","modified_gmt":"2019-06-27T11:38:01","slug":"ocad-aprueba-proyecto-optimizacion-del-pedraplen-playetas","status":"publish","type":"post","link":"https:\/\/revistazetta.com\/?p=30625","title":{"rendered":"OCAD aprueba proyecto para optimizaci\u00f3n del pedrapl\u00e9n de Playetas"},"content":{"rendered":"<p>En reuni\u00f3n del \u00d3rgano Colegiado para la Administraci\u00f3n y Decisi\u00f3n (Ocad) se aprob\u00f3 el proyecto para la optimizaci\u00f3n del pedrapl\u00e9n y conformaci\u00f3n de la cimentaci\u00f3n de la v\u00eda transversal de Bar\u00fa, en el tramo dos de Playetas.<\/p>\n<p>El alcalde, Pedrito Pereira Caballero, se\u00f1al\u00f3 que este recurso por m\u00e1s de 20 mil millones de pesos es importante para el pedrapl\u00e9n de Playeta donde se intervendr\u00e1n 2 kil\u00f3metros m\u00e1s con lo que se complementa la obra que se hizo por parte del gobierno de Bol\u00edvar.<\/p>\n<p>\u201cSe har\u00e1 un trabajo que permita ayudar a mitigar la erosi\u00f3n costera de la zona y mejorar la movilidad hacia el corregimiento de Bar\u00fa. Ser\u00e1n unos box culverts, que ser\u00e1n pasos de fauna para las especies de la zona\u201d, explic\u00f3 el alcalde Pereira Caballero.<\/p>\n<p>De esta forma, se contin\u00faa trabajando por los corregimientos insulares que por a\u00f1os han padecido el abandono del gobierno y esta obra ser\u00e1 de mucha importancia en los ambiental y paisaj\u00edstico.\u00a0\u201cCon estas obras, que mejorar\u00e1n el turismo hacia la zona, se acaba la incomunicaci\u00f3n que hab\u00eda hacia Bar\u00fa\u201d, precis\u00f3.<\/p>\n<p>El Alcalde se\u00f1al\u00f3 que el paso a seguir es incorporar de manera inmediata los recursos, hacer el respectivo decreto e iniciar el proceso contractual de la manera m\u00e1s transparente como hemos querido hacerlo para beneficio de todos los cartageneros y para iniciar cuanto antes estas obras.<\/p>\n","protected":false},"excerpt":{"rendered":"<p>En reuni\u00f3n del \u00d3rgano Colegiado para la Administraci\u00f3n y Decisi\u00f3n (Ocad) se aprob\u00f3 el proyecto para la optimizaci\u00f3n del pedrapl\u00e9n y conformaci\u00f3n de la cimentaci\u00f3n de la v\u00eda transversal de Bar\u00fa, en el tramo dos de Playetas. El alcalde, Pedrito Pereira Caballero, se\u00f1al\u00f3 que este recurso por m\u00e1s de 20 mil millones de pesos es importante para el pedrapl\u00e9n de Playeta donde se intervendr\u00e1n 2 kil\u00f3metros m\u00e1s con lo que se complementa la obra que se hizo por parte del gobierno de Bol\u00edvar. \u201cSe har\u00e1 un trabajo que permita ayudar&#8230; <\/p>\n","protected":false},"author":3,"featured_media":30626,"comment_status":"open","ping_status":"closed","sticky":false,"template":"","format":"standard","meta":{"footnotes":"","_links_to":"","_links_to_target":""},"categories":[75,32],"tags":[],"class_list":["post-30625","post","type-post","status-publish","format-standard","has-post-thumbnail","hentry","category-destacada","category-actualidad-distrito"],"_links":{"self":[{"href":"https:\/\/revistazetta.com\/index.php?rest_route=\/wp\/v2\/posts\/30625","targetHints":{"allow":["GET"]}}],"collection":[{"href":"https:\/\/revistazetta.com\/index.php?rest_route=\/wp\/v2\/posts"}],"about":[{"href":"https:\/\/revistazetta.com\/index.php?rest_route=\/wp\/v2\/types\/post"}],"author":[{"embeddable":true,"href":"https:\/\/revistazetta.com\/index.php?rest_route=\/wp\/v2\/users\/3"}],"replies":[{"embeddable":true,"href":"https:\/\/revistazetta.com\/index.php?rest_route=%2Fwp%2Fv2%2Fcomments&post=30625"}],"version-history":[{"count":0,"href":"https:\/\/revistazetta.com\/index.php?rest_route=\/wp\/v2\/posts\/30625\/revisions"}],"wp:featuredmedia":[{"embeddable":true,"href":"https:\/\/revistazetta.com\/index.php?rest_route=\/wp\/v2\/media\/30626"}],"wp:attachment":[{"href":"https:\/\/revistazetta.com\/index.php?rest_route=%2Fwp%2Fv2%2Fmedia&parent=30625"}],"wp:term":[{"taxonomy":"category","embeddable":true,"href":"https:\/\/revistazetta.com\/index.php?rest_route=%2Fwp%2Fv2%2Fcategories&post=30625"},{"taxonomy":"post_tag","embeddable":true,"href":"https:\/\/revistazetta.com\/index.php?rest_route=%2Fwp%2Fv2%2Ftags&post=30625"}],"curies":[{"name":"wp","href":"https:\/\/api.w.org\/{rel}","templated":true}]}}