{"id":30627,"date":"2019-06-27T08:33:37","date_gmt":"2019-06-27T13:33:37","guid":{"rendered":"http:\/\/www.revistazetta.com\/?p=30627"},"modified":"2019-06-27T08:33:37","modified_gmt":"2019-06-27T13:33:37","slug":"no-seria-conveniente-provocar-cambio-presidente-directorio-conservador","status":"publish","type":"post","link":"https:\/\/revistazetta.com\/?p=30627","title":{"rendered":"\u00abNo ser\u00eda conveniente provocar un cambio\u00bb: Presidente Directorio Conservador"},"content":{"rendered":"<p>\u201cEstamos a seis meses de terminar el periodo y a mi juicio no ser\u00eda conveniente provocar un cambio\u201d, asegur\u00f3 Omar Yepes \u00e1lzate, presidente del Directorio Nacional Conservador, al pronunciarse sobre la terna que deber\u00e1 presentar ese partido al Presidente de la Rep\u00fablica.<\/p>\n<p>Dijo que esa es su posici\u00f3n personal, pero \u201cel directorio regional y el equipo congresional ha enviado una lista donde no aparece el doctor Pedrito Pereira, quien seg\u00fan comentarios de distintas fuentes, ha desempe\u00f1ado un\u00a0buen papel como alcalde encargado.<\/p>\n<p>Explic\u00f3 que esos nombres van a someterse a consideraci\u00f3n del Directorio Nacional, y aqu\u00ed se dir\u00e1 la \u00faltima palabra, \u201cy no sabemos despu\u00e9s la receptividad que pueda tener la terna en el se\u00f1or presidente\u201d, puntualiz\u00f3.<\/p>\n<p>El dirigente hizo este pronunciamiento durante una\u00a0 entrevista sobre el panorama nacional de su colectividad a los micr\u00f3fonos de W Radio.<\/p>\n<p>https:\/\/soundcloud.com\/revistazetta-com\/omar-yepes-terna-cartagena<\/p>\n","protected":false},"excerpt":{"rendered":"<p>\u201cEstamos a seis meses de terminar el periodo y a mi juicio no ser\u00eda conveniente provocar un cambio\u201d, asegur\u00f3 Omar Yepes \u00e1lzate, presidente del Directorio Nacional Conservador, al pronunciarse sobre la terna que deber\u00e1 presentar ese partido al Presidente de la Rep\u00fablica. Dijo que esa es su posici\u00f3n personal, pero \u201cel directorio regional y el equipo congresional ha enviado una lista donde no aparece el doctor Pedrito Pereira, quien seg\u00fan comentarios de distintas fuentes, ha desempe\u00f1ado un\u00a0buen papel como alcalde encargado. Explic\u00f3 que esos nombres van a someterse a consideraci\u00f3n&#8230; <\/p>\n","protected":false},"author":3,"featured_media":30628,"comment_status":"open","ping_status":"closed","sticky":false,"template":"","format":"standard","meta":{"footnotes":"","_links_to":"","_links_to_target":""},"categories":[75,4],"tags":[],"class_list":["post-30627","post","type-post","status-publish","format-standard","has-post-thumbnail","hentry","category-destacada","category-politica"],"_links":{"self":[{"href":"https:\/\/revistazetta.com\/index.php?rest_route=\/wp\/v2\/posts\/30627","targetHints":{"allow":["GET"]}}],"collection":[{"href":"https:\/\/revistazetta.com\/index.php?rest_route=\/wp\/v2\/posts"}],"about":[{"href":"https:\/\/revistazetta.com\/index.php?rest_route=\/wp\/v2\/types\/post"}],"author":[{"embeddable":true,"href":"https:\/\/revistazetta.com\/index.php?rest_route=\/wp\/v2\/users\/3"}],"replies":[{"embeddable":true,"href":"https:\/\/revistazetta.com\/index.php?rest_route=%2Fwp%2Fv2%2Fcomments&post=30627"}],"version-history":[{"count":0,"href":"https:\/\/revistazetta.com\/index.php?rest_route=\/wp\/v2\/posts\/30627\/revisions"}],"wp:featuredmedia":[{"embeddable":true,"href":"https:\/\/revistazetta.com\/index.php?rest_route=\/wp\/v2\/media\/30628"}],"wp:attachment":[{"href":"https:\/\/revistazetta.com\/index.php?rest_route=%2Fwp%2Fv2%2Fmedia&parent=30627"}],"wp:term":[{"taxonomy":"category","embeddable":true,"href":"https:\/\/revistazetta.com\/index.php?rest_route=%2Fwp%2Fv2%2Fcategories&post=30627"},{"taxonomy":"post_tag","embeddable":true,"href":"https:\/\/revistazetta.com\/index.php?rest_route=%2Fwp%2Fv2%2Ftags&post=30627"}],"curies":[{"name":"wp","href":"https:\/\/api.w.org\/{rel}","templated":true}]}}