{"id":30637,"date":"2019-06-27T16:39:06","date_gmt":"2019-06-27T21:39:06","guid":{"rendered":"http:\/\/www.revistazetta.com\/?p=30637"},"modified":"2019-06-27T16:39:06","modified_gmt":"2019-06-27T21:39:06","slug":"consejo-gremial-pide-partido-conservador-incluir-pedrito-pereira-terna","status":"publish","type":"post","link":"https:\/\/revistazetta.com\/?p=30637","title":{"rendered":"Consejo Gremial pide a Partido Conservador incluir a Pedrito Pereira en terna"},"content":{"rendered":"<p>El Consejo Gremial de Bol\u00edvar insisti\u00f3 ante el Partido Conservador para que incluya al actual alcalde encargado de Cartagena, Pedrito Pereira, en la terna que ha de presentar al presidente Iv\u00e1n Duque.<\/p>\n<p>Le ente gremial envi\u00f3 este comunicado:<\/p>\n<p><span style=\"color: #003366;\"><em>El <strong>Consejo Gremial de Bol\u00edvar<\/strong> reconociendo y respetando la decisi\u00f3n del Partido Conservador de \u201cpresentar la terna que debe llegar al Presidente de la Rep\u00fablica para nombrar al nuevo mandatario de la ciudad de Cartagena\u201d, se ratifica en su posici\u00f3n sobre la conveniencia de haber incluido en ella al actual Alcalde encargado, Pedrito Pereira.<\/em><\/span><\/p>\n<p><span style=\"color: #003366;\"><em>El Consejo gremial, igual que otros actores sociales evaluaron la din\u00e1mica positiva liderada por Pedrito Pereira y el ambiente de optimismo cercano a la estabilidad y\u00a0gobernabilidad que demandaba la ciudad y que hoy, a pocos meses para concluir el periodo constitucional, es sorpresivamente detenido por esta decisi\u00f3n del Partido Conservador.<\/em><\/span><\/p>\n<p><span style=\"color: #003366;\"><em>Ante esta nueva realidad Ver\u00f3nica Monterrosa en nombre del Consejo Gremial de Bol\u00edvar solicita Presidente Iv\u00e1n Duque \u201ctomar la decisi\u00f3n m\u00e1s acertada para la ciudad, sin otros acuerdos pol\u00edticos por encima del inter\u00e9s general que es la estabilidad de Cartagena\u201d.\u00a0<\/em><\/span><\/p>\n","protected":false},"excerpt":{"rendered":"<p>El Consejo Gremial de Bol\u00edvar insisti\u00f3 ante el Partido Conservador para que incluya al actual alcalde encargado de Cartagena, Pedrito Pereira, en la terna que ha de presentar al presidente Iv\u00e1n Duque. Le ente gremial envi\u00f3 este comunicado: El Consejo Gremial de Bol\u00edvar reconociendo y respetando la decisi\u00f3n del Partido Conservador de \u201cpresentar la terna que debe llegar al Presidente de la Rep\u00fablica para nombrar al nuevo mandatario de la ciudad de Cartagena\u201d, se ratifica en su posici\u00f3n sobre la conveniencia de haber incluido en ella al actual Alcalde encargado,&#8230; <\/p>\n","protected":false},"author":3,"featured_media":30638,"comment_status":"open","ping_status":"closed","sticky":false,"template":"","format":"standard","meta":{"footnotes":"","_links_to":"","_links_to_target":""},"categories":[75,4],"tags":[],"class_list":["post-30637","post","type-post","status-publish","format-standard","has-post-thumbnail","hentry","category-destacada","category-politica"],"_links":{"self":[{"href":"https:\/\/revistazetta.com\/index.php?rest_route=\/wp\/v2\/posts\/30637","targetHints":{"allow":["GET"]}}],"collection":[{"href":"https:\/\/revistazetta.com\/index.php?rest_route=\/wp\/v2\/posts"}],"about":[{"href":"https:\/\/revistazetta.com\/index.php?rest_route=\/wp\/v2\/types\/post"}],"author":[{"embeddable":true,"href":"https:\/\/revistazetta.com\/index.php?rest_route=\/wp\/v2\/users\/3"}],"replies":[{"embeddable":true,"href":"https:\/\/revistazetta.com\/index.php?rest_route=%2Fwp%2Fv2%2Fcomments&post=30637"}],"version-history":[{"count":0,"href":"https:\/\/revistazetta.com\/index.php?rest_route=\/wp\/v2\/posts\/30637\/revisions"}],"wp:featuredmedia":[{"embeddable":true,"href":"https:\/\/revistazetta.com\/index.php?rest_route=\/wp\/v2\/media\/30638"}],"wp:attachment":[{"href":"https:\/\/revistazetta.com\/index.php?rest_route=%2Fwp%2Fv2%2Fmedia&parent=30637"}],"wp:term":[{"taxonomy":"category","embeddable":true,"href":"https:\/\/revistazetta.com\/index.php?rest_route=%2Fwp%2Fv2%2Fcategories&post=30637"},{"taxonomy":"post_tag","embeddable":true,"href":"https:\/\/revistazetta.com\/index.php?rest_route=%2Fwp%2Fv2%2Ftags&post=30637"}],"curies":[{"name":"wp","href":"https:\/\/api.w.org\/{rel}","templated":true}]}}