{"id":30639,"date":"2019-06-29T09:45:28","date_gmt":"2019-06-29T14:45:28","guid":{"rendered":"http:\/\/www.revistazetta.com\/?p=30639"},"modified":"2019-06-29T09:49:38","modified_gmt":"2019-06-29T14:49:38","slug":"espaldarazo-duque-pedrito-acaba-terna-analisis-john-zamora","status":"publish","type":"post","link":"https:\/\/revistazetta.com\/?p=30639","title":{"rendered":"Espaldarazo de Duque a Pedrito acaba terna &#8211; An\u00e1lisis de John Zamora"},"content":{"rendered":"<p><strong>An\u00e1lisis de John Zamora (Director Revista Zetta).-<\/strong> La terna se acab\u00f3 porque el presidente Iv\u00e1n Duque puso punto final: Pedrito se queda.<\/p>\n<p>Lo hubiera dicho antes, pero lo dijo ahora, y por f\u00edsica inanici\u00f3n pol\u00edtica queda sepultada toda probabilidad de integrarla.<\/p>\n<blockquote><p>Le quedar\u00e1 \u00abmuy cuelludo\u00bb al Partido Conservador desafiar la voluntad del Presidente, el consejo del Procurador, las voces en coro de la ciudadan\u00eda y la conveniencia de la ciudad a seis meses de fin del periodo.<\/p><\/blockquote>\n<p><span style=\"color: #800000;\">(( Ver:\u00a0<b>Comunicado de Presidencia dice que Pedrito se queda.\u00a0<\/b><\/span><strong><span style=\"color: #800000;\">El titular del comunicado es: \u00abPresidente Duque asegura que \u2018con el futuro de Cartagena no se puede jugar\u2019, y anuncia que el Alcalde encargado, Pedrito Pereira, ir\u00e1 hasta el final del periodo\u00bb.<\/span>\u00a0<\/strong><a id=\"m_1156242992696924389gmail-sample-permalink\" href=\"https:\/\/www.revistazetta.com\/?p=30640\" target=\"_blank\" rel=\"noopener\" data-saferedirecturl=\"https:\/\/www.google.com\/url?q=https:\/\/www.revistazetta.com\/?p%3D30640&amp;source=gmail&amp;ust=1561903550636000&amp;usg=AFQjCNEJH5_0BEjDxV94PxSGgYvIFOpqXw\">https:\/\/www.revistazetta.com\/?<wbr \/>p=30640<\/a>\u00a0<span style=\"color: #800000;\">))<\/span><\/p>\n<p>En evidencia queda la fractura del conservatismo local con el mandatario copartidario, que lleg\u00f3 al cargo ternado. Si de una vez el Presidente hubiera ratificado a Pedrito y no se hubiera puesto a pedir nueva terna, nos habr\u00edamos ahorrado este episodio. Claro que tambi\u00e9n es cierto que sirvi\u00f3 para propiciar voces de unidad inusitadas: sindicatos y gremios al un\u00edsono; pol\u00edticos de izquierda, centro y derecha en sinton\u00eda; ciudadanos de todos los espectros, redes sociales con tendencias afines&#8230; algo memorable en una ciudad \u00abcanibalesca\u00bb, lo que habla muy bien de Pedrito.<\/p>\n<p>Ahora, a no distraernos m\u00e1s sino a centrarnos en terminar de la mejor manera esta recta final del periodo. Que la administraci\u00f3n avance en su agenda, hasta donde pueda.<\/p>\n<p>Ya vendr\u00e1 un nuevo gobierno, el que elegiremos en octubre, con el compromiso de hacer las cosas bien y no repetir la abominable historia de la inestabilidad institucional.<\/p>\n","protected":false},"excerpt":{"rendered":"<p>An\u00e1lisis de John Zamora (Director Revista Zetta).- La terna se acab\u00f3 porque el presidente Iv\u00e1n Duque puso punto final: Pedrito se queda. Lo hubiera dicho antes, pero lo dijo ahora, y por f\u00edsica inanici\u00f3n pol\u00edtica queda sepultada toda probabilidad de integrarla. Le quedar\u00e1 \u00abmuy cuelludo\u00bb al Partido Conservador desafiar la voluntad del Presidente, el consejo del Procurador, las voces en coro de la ciudadan\u00eda y la conveniencia de la ciudad a seis meses de fin del periodo. (( Ver:\u00a0Comunicado de Presidencia dice que Pedrito se queda.\u00a0El titular del comunicado es:&#8230; <\/p>\n","protected":false},"author":3,"featured_media":30643,"comment_status":"open","ping_status":"closed","sticky":false,"template":"","format":"standard","meta":{"footnotes":"","_links_to":"","_links_to_target":""},"categories":[75,66,44],"tags":[],"class_list":["post-30639","post","type-post","status-publish","format-standard","has-post-thumbnail","hentry","category-destacada","category-analisis","category-materiagris"],"_links":{"self":[{"href":"https:\/\/revistazetta.com\/index.php?rest_route=\/wp\/v2\/posts\/30639","targetHints":{"allow":["GET"]}}],"collection":[{"href":"https:\/\/revistazetta.com\/index.php?rest_route=\/wp\/v2\/posts"}],"about":[{"href":"https:\/\/revistazetta.com\/index.php?rest_route=\/wp\/v2\/types\/post"}],"author":[{"embeddable":true,"href":"https:\/\/revistazetta.com\/index.php?rest_route=\/wp\/v2\/users\/3"}],"replies":[{"embeddable":true,"href":"https:\/\/revistazetta.com\/index.php?rest_route=%2Fwp%2Fv2%2Fcomments&post=30639"}],"version-history":[{"count":0,"href":"https:\/\/revistazetta.com\/index.php?rest_route=\/wp\/v2\/posts\/30639\/revisions"}],"wp:featuredmedia":[{"embeddable":true,"href":"https:\/\/revistazetta.com\/index.php?rest_route=\/wp\/v2\/media\/30643"}],"wp:attachment":[{"href":"https:\/\/revistazetta.com\/index.php?rest_route=%2Fwp%2Fv2%2Fmedia&parent=30639"}],"wp:term":[{"taxonomy":"category","embeddable":true,"href":"https:\/\/revistazetta.com\/index.php?rest_route=%2Fwp%2Fv2%2Fcategories&post=30639"},{"taxonomy":"post_tag","embeddable":true,"href":"https:\/\/revistazetta.com\/index.php?rest_route=%2Fwp%2Fv2%2Ftags&post=30639"}],"curies":[{"name":"wp","href":"https:\/\/api.w.org\/{rel}","templated":true}]}}