{"id":30640,"date":"2019-06-29T09:05:00","date_gmt":"2019-06-29T14:05:00","guid":{"rendered":"http:\/\/www.revistazetta.com\/?p=30640"},"modified":"2019-06-29T09:05:00","modified_gmt":"2019-06-29T14:05:00","slug":"comunicado-presidencia-dice-pedrito-se-queda","status":"publish","type":"post","link":"https:\/\/revistazetta.com\/?p=30640","title":{"rendered":"Comunicado de Presidencia dice que Pedrito se queda"},"content":{"rendered":"<blockquote><p><strong><span id=\"titulo\" data-name=\"Campo de p\u00e1gina: T\u00edtulo\">El titular del comunicado es: \u00abPresidente Duque asegura que \u2018con el futuro de Cartagena no se puede jugar\u2019, y anuncia que el Alcalde encargado, Pedrito Pereira, ir\u00e1 hasta el final del periodo\u00bb:<\/span><\/strong><\/p><\/blockquote>\n<p><span style=\"color: #000080;\"><em>\u2022 Durante la presentaci\u00f3n de la mascota oficial de los Juego Nacionales y Paranacionales 2019, realizada en La Heroica, el Jefe de Estado resalt\u00f3 que \u201cnosotros como Gobierno Nacional tenemos que ser responsables con la ciudad y aqu\u00ed no podemos estar cambiando alcalde al vaiv\u00e9n de las circunstancias pol\u00edticas\u201d.<\/em><\/span><\/p>\n<p><span style=\"color: #000080;\"><em>\u2022 Destac\u00f3 la buena gesti\u00f3n de Pereira el frente de la ciudad, a quien el propio Presidente eligi\u00f3 de una terna en septiembre del a\u00f1o anterior, luego de que como aspirante firmara un compromiso de transparencia en el desarrollo de su gesti\u00f3n, cuya veedora ha sido la Vicepresidenta Marta Luc\u00eda Ram\u00edrez.<\/em><\/span><\/p>\n<p><span style=\"color: #000080;\"><em><strong>Cartagena, 28 de junio de 2019.<\/strong><\/em><\/span><\/p>\n<p><span style=\"color: #000080;\"><em>Tras hacer un llamado a la sensatez, el Presidente de la Rep\u00fablica, Iv\u00e1n Duque M\u00e1rquez, anunci\u00f3 este viernes su respaldo al Alcalde encargado de Cartagena, Pedrito Pereira, para que ejerza el cargo hasta el final del periodo.<\/em><\/span><\/p>\n<p><span style=\"color: #000080;\"><em>\u201cCon el futuro y con el presente de Cartagena no se puede jugar, no podemos estar haciendo cambios circunstanciales, sino que tenemos que darles continuidad a las cosas que se est\u00e1n haciendo bien. Yo por eso espero, Alcalde Pedrito Pereira, que usted contin\u00fae en el ejercicio del cargo hasta finalizar el per\u00edodo en el mes de diciembre\u201d, afirm\u00f3 el Mandatario.<\/em><\/span><\/p>\n<p><span style=\"color: #000080;\"><em>Durante la presentaci\u00f3n de la mascota oficial de los Juego Nacionales y Paranacionales 2019, realizada en La Heroica, en el Jefe de Estado resalt\u00f3 que \u201cnosotros como Gobierno Nacional tenemos que ser responsables con la ciudad y aqu\u00ed no podemos estar cambiando alcalde al vaiv\u00e9n de las circunstancias pol\u00edticas\u201d.<\/em><\/span><\/p>\n<p><span style=\"color: #000080;\"><em>Destac\u00f3 la buena gesti\u00f3n de Pereira el frente de la ciudad, a quien el propio Presidente eligi\u00f3 de una terna en septiembre del a\u00f1o anterior, luego de que como aspirante firmara un compromiso de transparencia en el desarrollo de su gesti\u00f3n, cuya veedora ha sido la Vicepresidenta Marta Luc\u00eda Ram\u00edrez.<\/em><\/span><\/p>\n<p><span style=\"color: #000080;\"><em>\u201cEn pocos meses hemos avanzado en iniciativas necesarias para el presente y el futuro de la ciudad, como es el proyecto del Canal del Dique, la participaci\u00f3n de la ciudad en estos juegos del Bicentenario, se ha avanzado en transparencia en la contrataci\u00f3n, se ha avanzado tambi\u00e9n en proyectos como el de erosi\u00f3n costera, en los canales pluviales (\u2026), en fin, hay muchas obras que se han venido dimensionando\u201d, explic\u00f3 el Mandatario.<\/em><\/span><\/p>\n<p><span style=\"color: #000080;\"><em>Finalmente, puso de relieve el papel de Cartagena como epicentro del turismo en Colombia, y como el lugar \u201cdonde se combina la cultura y el turismo, la gastronom\u00eda, las industrias creativas, los cert\u00e1menes nacionales e internacionales de belleza\u201d, razones por las cuales, se requiere darle continuidad a la gesti\u00f3n del alcalde actual.<\/em><\/span><\/p>\n","protected":false},"excerpt":{"rendered":"<p>El titular del comunicado es: \u00abPresidente Duque asegura que \u2018con el futuro de Cartagena no se puede jugar\u2019, y anuncia que el Alcalde encargado, Pedrito Pereira, ir\u00e1 hasta el final del periodo\u00bb: \u2022 Durante la presentaci\u00f3n de la mascota oficial de los Juego Nacionales y Paranacionales 2019, realizada en La Heroica, el Jefe de Estado resalt\u00f3 que \u201cnosotros como Gobierno Nacional tenemos que ser responsables con la ciudad y aqu\u00ed no podemos estar cambiando alcalde al vaiv\u00e9n de las circunstancias pol\u00edticas\u201d. \u2022 Destac\u00f3 la buena gesti\u00f3n de Pereira el frente&#8230; <\/p>\n","protected":false},"author":3,"featured_media":30641,"comment_status":"open","ping_status":"closed","sticky":false,"template":"","format":"standard","meta":{"footnotes":"","_links_to":"","_links_to_target":""},"categories":[75,32],"tags":[],"class_list":["post-30640","post","type-post","status-publish","format-standard","has-post-thumbnail","hentry","category-destacada","category-actualidad-distrito"],"_links":{"self":[{"href":"https:\/\/revistazetta.com\/index.php?rest_route=\/wp\/v2\/posts\/30640","targetHints":{"allow":["GET"]}}],"collection":[{"href":"https:\/\/revistazetta.com\/index.php?rest_route=\/wp\/v2\/posts"}],"about":[{"href":"https:\/\/revistazetta.com\/index.php?rest_route=\/wp\/v2\/types\/post"}],"author":[{"embeddable":true,"href":"https:\/\/revistazetta.com\/index.php?rest_route=\/wp\/v2\/users\/3"}],"replies":[{"embeddable":true,"href":"https:\/\/revistazetta.com\/index.php?rest_route=%2Fwp%2Fv2%2Fcomments&post=30640"}],"version-history":[{"count":0,"href":"https:\/\/revistazetta.com\/index.php?rest_route=\/wp\/v2\/posts\/30640\/revisions"}],"wp:featuredmedia":[{"embeddable":true,"href":"https:\/\/revistazetta.com\/index.php?rest_route=\/wp\/v2\/media\/30641"}],"wp:attachment":[{"href":"https:\/\/revistazetta.com\/index.php?rest_route=%2Fwp%2Fv2%2Fmedia&parent=30640"}],"wp:term":[{"taxonomy":"category","embeddable":true,"href":"https:\/\/revistazetta.com\/index.php?rest_route=%2Fwp%2Fv2%2Fcategories&post=30640"},{"taxonomy":"post_tag","embeddable":true,"href":"https:\/\/revistazetta.com\/index.php?rest_route=%2Fwp%2Fv2%2Ftags&post=30640"}],"curies":[{"name":"wp","href":"https:\/\/api.w.org\/{rel}","templated":true}]}}