{"id":30772,"date":"2019-07-08T07:59:05","date_gmt":"2019-07-08T12:59:05","guid":{"rendered":"http:\/\/www.revistazetta.com\/?p=30772"},"modified":"2019-07-08T07:59:05","modified_gmt":"2019-07-08T12:59:05","slug":"bolivar-primero-oportunidades-todos-vicente-blel-scaff","status":"publish","type":"post","link":"https:\/\/revistazetta.com\/?p=30772","title":{"rendered":"\u00abBol\u00edvar Primero en oportunidades para todos\u00bb: Vicente Blel Scaff"},"content":{"rendered":"<p><img loading=\"lazy\" decoding=\"async\" class=\"size-medium wp-image-30774 alignright\" src=\"https:\/\/www.revistazetta.com\/wp-content\/uploads\/2019\/07\/PHOTO-2019-07-07-19-19-56-2-300x200.jpg\" alt=\"\" width=\"300\" height=\"200\" srcset=\"https:\/\/revistazetta.com\/wp-content\/uploads\/2019\/07\/PHOTO-2019-07-07-19-19-56-2-300x200.jpg 300w, https:\/\/revistazetta.com\/wp-content\/uploads\/2019\/07\/PHOTO-2019-07-07-19-19-56-2-1024x682.jpg 1024w, https:\/\/revistazetta.com\/wp-content\/uploads\/2019\/07\/PHOTO-2019-07-07-19-19-56-2-219x146.jpg 219w, https:\/\/revistazetta.com\/wp-content\/uploads\/2019\/07\/PHOTO-2019-07-07-19-19-56-2-50x33.jpg 50w, https:\/\/revistazetta.com\/wp-content\/uploads\/2019\/07\/PHOTO-2019-07-07-19-19-56-2-113x75.jpg 113w, https:\/\/revistazetta.com\/wp-content\/uploads\/2019\/07\/PHOTO-2019-07-07-19-19-56-2.jpg 1280w\" sizes=\"auto, (max-width: 300px) 100vw, 300px\" \/>Con grandes concentraciones ciudadanas como denominador com\u00fan, masivos resultaron los recorridos que realiz\u00f3 el candidato a la Gobernaci\u00f3n de Bol\u00edvar, Vicente Blel Scaff, por los municipios de Santa Rosa, Clemencia y Santa Catalina.<\/p>\n<p>Bajo la consigna\u00a0de \u00abTu Voz Construye Gobierno\u00bb , el aspirante a gobernador de Bol\u00edvar escuch\u00f3 atentamente a estas comunidades sobre sus necesidades, con el objetivo de seguir nutriendo el Programa de Gobierno del Bol\u00edvar Primero.<\/p>\n<p>\u00abContinuamos firmes en nuestro compromiso de escuchar a todos los habitantes del departamento, escuchar para construir un Bol\u00edvar Primero en oportunidades para todos\u00bb, asegur\u00f3 el aspirante.<\/p>\n<p>De igual forma, manifest\u00f3 su compromiso con el fortalecimiento del sector de agr\u00edcola, a trav\u00e9s de planes que respondan fielmente a las necesidades que presenta en campesinado bolivarense.<\/p>\n<p>Por su parte el l\u00edder Victor Pardo expres\u00f3 que \u00abnos vamos con Vicente, empezando porque es tipo serio que cumple su palabra, un hombre que trabaja a pulm\u00f3n por lo que se propone, y sabemos que Santa Catalina tendr\u00e1 mejores oportunidades en todos los campos con \u00e9l en la Gobernaci\u00f3n\u00bb.<\/p>\n<p>&nbsp;<\/p>\n","protected":false},"excerpt":{"rendered":"<p>Con grandes concentraciones ciudadanas como denominador com\u00fan, masivos resultaron los recorridos que realiz\u00f3 el candidato a la Gobernaci\u00f3n de Bol\u00edvar, Vicente Blel Scaff, por los municipios de Santa Rosa, Clemencia y Santa Catalina. Bajo la consigna\u00a0de \u00abTu Voz Construye Gobierno\u00bb , el aspirante a gobernador de Bol\u00edvar escuch\u00f3 atentamente a estas comunidades sobre sus necesidades, con el objetivo de seguir nutriendo el Programa de Gobierno del Bol\u00edvar Primero. \u00abContinuamos firmes en nuestro compromiso de escuchar a todos los habitantes del departamento, escuchar para construir un Bol\u00edvar Primero en oportunidades para&#8230; <\/p>\n","protected":false},"author":3,"featured_media":30773,"comment_status":"open","ping_status":"closed","sticky":false,"template":"","format":"standard","meta":{"footnotes":"","_links_to":"","_links_to_target":""},"categories":[75,4],"tags":[],"class_list":["post-30772","post","type-post","status-publish","format-standard","has-post-thumbnail","hentry","category-destacada","category-politica"],"_links":{"self":[{"href":"https:\/\/revistazetta.com\/index.php?rest_route=\/wp\/v2\/posts\/30772","targetHints":{"allow":["GET"]}}],"collection":[{"href":"https:\/\/revistazetta.com\/index.php?rest_route=\/wp\/v2\/posts"}],"about":[{"href":"https:\/\/revistazetta.com\/index.php?rest_route=\/wp\/v2\/types\/post"}],"author":[{"embeddable":true,"href":"https:\/\/revistazetta.com\/index.php?rest_route=\/wp\/v2\/users\/3"}],"replies":[{"embeddable":true,"href":"https:\/\/revistazetta.com\/index.php?rest_route=%2Fwp%2Fv2%2Fcomments&post=30772"}],"version-history":[{"count":0,"href":"https:\/\/revistazetta.com\/index.php?rest_route=\/wp\/v2\/posts\/30772\/revisions"}],"wp:featuredmedia":[{"embeddable":true,"href":"https:\/\/revistazetta.com\/index.php?rest_route=\/wp\/v2\/media\/30773"}],"wp:attachment":[{"href":"https:\/\/revistazetta.com\/index.php?rest_route=%2Fwp%2Fv2%2Fmedia&parent=30772"}],"wp:term":[{"taxonomy":"category","embeddable":true,"href":"https:\/\/revistazetta.com\/index.php?rest_route=%2Fwp%2Fv2%2Fcategories&post=30772"},{"taxonomy":"post_tag","embeddable":true,"href":"https:\/\/revistazetta.com\/index.php?rest_route=%2Fwp%2Fv2%2Ftags&post=30772"}],"curies":[{"name":"wp","href":"https:\/\/api.w.org\/{rel}","templated":true}]}}