{"id":30775,"date":"2019-07-08T08:07:18","date_gmt":"2019-07-08T13:07:18","guid":{"rendered":"http:\/\/www.revistazetta.com\/?p=30775"},"modified":"2019-07-08T08:07:18","modified_gmt":"2019-07-08T13:07:18","slug":"nadie-le-cree-al-censo-2018","status":"publish","type":"post","link":"https:\/\/revistazetta.com\/?p=30775","title":{"rendered":"Nadie le cree al Censo 2018"},"content":{"rendered":"<p>\u201cQue Cartagena hoy cuenta con un total de habitantes de 808.000 personas, no se lo cree nadie\u201d, fue la expresi\u00f3n del Concejal Oscar Mar\u00edn al cuestionar los resultados finales del censo poblacional del DANE 2018.<\/p>\n<p>El Concejal Mar\u00edn solicit\u00f3 que se pidan explicaciones porque para nadie es desconocido el crecimiento poblacional que ha tenido Cartagena en los \u00faltimos 10 a\u00f1os.<\/p>\n<p>El concejal Javier Curi Osorio prometi\u00f3 hacer un estudio de la cifras entregadas por el DANE en lo relacionado al censo 2018, para como corporaci\u00f3n y con el apoyo del Distrito elevar la queja a nivel nacional.<\/p>\n","protected":false},"excerpt":{"rendered":"<p>\u201cQue Cartagena hoy cuenta con un total de habitantes de 808.000 personas, no se lo cree nadie\u201d, fue la expresi\u00f3n del Concejal Oscar Mar\u00edn al cuestionar los resultados finales del censo poblacional del DANE 2018. El Concejal Mar\u00edn solicit\u00f3 que se pidan explicaciones porque para nadie es desconocido el crecimiento poblacional que ha tenido Cartagena en los \u00faltimos 10 a\u00f1os. El concejal Javier Curi Osorio prometi\u00f3 hacer un estudio de la cifras entregadas por el DANE en lo relacionado al censo 2018, para como corporaci\u00f3n y con el apoyo del&#8230; <\/p>\n","protected":false},"author":3,"featured_media":30776,"comment_status":"open","ping_status":"closed","sticky":false,"template":"","format":"standard","meta":{"footnotes":"","_links_to":"","_links_to_target":""},"categories":[75,27,4],"tags":[],"class_list":["post-30775","post","type-post","status-publish","format-standard","has-post-thumbnail","hentry","category-destacada","category-politicaconcejo","category-politica"],"_links":{"self":[{"href":"https:\/\/revistazetta.com\/index.php?rest_route=\/wp\/v2\/posts\/30775","targetHints":{"allow":["GET"]}}],"collection":[{"href":"https:\/\/revistazetta.com\/index.php?rest_route=\/wp\/v2\/posts"}],"about":[{"href":"https:\/\/revistazetta.com\/index.php?rest_route=\/wp\/v2\/types\/post"}],"author":[{"embeddable":true,"href":"https:\/\/revistazetta.com\/index.php?rest_route=\/wp\/v2\/users\/3"}],"replies":[{"embeddable":true,"href":"https:\/\/revistazetta.com\/index.php?rest_route=%2Fwp%2Fv2%2Fcomments&post=30775"}],"version-history":[{"count":0,"href":"https:\/\/revistazetta.com\/index.php?rest_route=\/wp\/v2\/posts\/30775\/revisions"}],"wp:featuredmedia":[{"embeddable":true,"href":"https:\/\/revistazetta.com\/index.php?rest_route=\/wp\/v2\/media\/30776"}],"wp:attachment":[{"href":"https:\/\/revistazetta.com\/index.php?rest_route=%2Fwp%2Fv2%2Fmedia&parent=30775"}],"wp:term":[{"taxonomy":"category","embeddable":true,"href":"https:\/\/revistazetta.com\/index.php?rest_route=%2Fwp%2Fv2%2Fcategories&post=30775"},{"taxonomy":"post_tag","embeddable":true,"href":"https:\/\/revistazetta.com\/index.php?rest_route=%2Fwp%2Fv2%2Ftags&post=30775"}],"curies":[{"name":"wp","href":"https:\/\/api.w.org\/{rel}","templated":true}]}}