{"id":30783,"date":"2019-07-09T09:23:27","date_gmt":"2019-07-09T14:23:27","guid":{"rendered":"http:\/\/www.revistazetta.com\/?p=30783"},"modified":"2019-07-09T09:26:41","modified_gmt":"2019-07-09T14:26:41","slug":"sorprendente-lista-asi-concejo-cartagena","status":"publish","type":"post","link":"https:\/\/revistazetta.com\/?p=30783","title":{"rendered":"Sorprendente lista de ASI a Concejo de Cartagena"},"content":{"rendered":"<blockquote><p><strong>No est\u00e1 Am\u00e9rico Mendoza, actual concejal. Encabeza Laureano Curi, sobrino del fallecido Nicol\u00e1s Curi. Regresa Alfonso Anaya Lorduy. Llegan Jacobo Fonseca y Pedro Borr\u00e9. Judith D\u00edaz recibe trato despectivo.<\/strong><\/p><\/blockquote>\n<p>El partido ASI defini\u00f3 la lista que inscribir\u00e1 ante la Registradur\u00eda para las elecciones de octubre, con muchas sorpresas en su conformaci\u00f3n.<\/p>\n<p>La primera sorpresa es que no est\u00e1 el \u00fanico concejal actual de esa colectividad, Am\u00e9rico Mendoza Quessep, lo que no implica que no pueda terminar inscrito en el periodo de modificaciones.<\/p>\n<p>La lista la encabeza Laureano Curi Zapata, con la misi\u00f3n de mantener vigente el apellido de su t\u00edo, el recordado alcalde Nicol\u00e1s Curi Vergara.<\/p>\n<p>Sorprende tambi\u00e9n el trato despectivo a la concejal no activa Judith D\u00edaz, cuyo nombre aparece en el rengl\u00f3n 17 de la lista.<\/p>\n<p>Reaparece en la escena pol\u00edtica el veterano Alfonso Anaya Lorduy, quien en su momento fue uno de los concejales m\u00e1s fuertes de Cartagena, quien reunifica sus huestes con las de su hermano Boris Anaya Lorduy.<\/p>\n<p>Llegan el cantante vallenato y exseacretario de la Asamblea Departamental, Jacobo Fonseca, lo mismo que el abogado Pedro Borr\u00e9.<\/p>\n<p>Esta es la lista:<\/p>\n<ol>\n<li><strong><span style=\"color: #800000;\">Laureano Miguel Curi Zapata.<\/span><\/strong><\/li>\n<li><strong><span style=\"color: #800000;\">M\u00f3nica Villalobos Olea.<\/span><\/strong><\/li>\n<li><strong><span style=\"color: #800000;\">Shilis Mar\u00eda Bele\u00f1o Zarza.<\/span><\/strong><\/li>\n<li><strong><span style=\"color: #800000;\">Marco Aurelio Guti\u00e9rrez Mendoza.<\/span><\/strong><\/li>\n<li><strong><span style=\"color: #800000;\">Eduardo Enrique Carballo Mass.<\/span><\/strong><\/li>\n<li><strong><span style=\"color: #800000;\">Temilda Esher Guerra Torres.<\/span><\/strong><\/li>\n<li><strong><span style=\"color: #800000;\">Liliana Margarita Su\u00e1rez Betancourt.<\/span><\/strong><\/li>\n<li><strong><span style=\"color: #800000;\">Manuel Jacobo Fonseca Avenda\u00f1o.<\/span><\/strong><\/li>\n<li><strong><span style=\"color: #800000;\">Carolina del Carmen Lozano Benitorevollo.<\/span><\/strong><\/li>\n<li><strong><span style=\"color: #800000;\">Roberto Pinedo Romero.<\/span><\/strong><\/li>\n<li><strong><span style=\"color: #800000;\">Leonardo Loaiza Torres.<\/span><\/strong><\/li>\n<li><strong><span style=\"color: #800000;\">Pedro Jos\u00e9 Borr\u00e9 Herrera.<\/span><\/strong><\/li>\n<li><strong><span style=\"color: #800000;\">Jos\u00e9 Antonio Cuadro Arrieta.<\/span><\/strong><\/li>\n<li><strong><span style=\"color: #800000;\">Luis Nicasio D\u00edaz Ram\u00edrez.<\/span><\/strong><\/li>\n<li><strong><span style=\"color: #800000;\">Libardo Ram\u00f3n D\u00edaz Mart\u00ednez.<\/span><\/strong><\/li>\n<li><strong><span style=\"color: #800000;\">Edgar Enrique Miranda Herrera.<\/span><\/strong><\/li>\n<li><strong><span style=\"color: #800000;\">Judith Margarita D\u00edaz Ag\u00e1mez.<\/span><\/strong><\/li>\n<li><strong><span style=\"color: #800000;\">Alfonso Enrique Anaya Lorduy.<\/span><\/strong><\/li>\n<li><strong><span style=\"color: #800000;\">Javier Cabarcas Vel\u00e1squez.<\/span><\/strong><\/li>\n<\/ol>\n<p>&nbsp;<\/p>\n<p><img loading=\"lazy\" decoding=\"async\" class=\"alignnone size-medium wp-image-30787\" src=\"https:\/\/www.revistazetta.com\/wp-content\/uploads\/2019\/07\/PHOTO-2019-07-09-08-37-22-225x300.jpg\" alt=\"\" width=\"225\" height=\"300\" srcset=\"https:\/\/revistazetta.com\/wp-content\/uploads\/2019\/07\/PHOTO-2019-07-09-08-37-22-225x300.jpg 225w, https:\/\/revistazetta.com\/wp-content\/uploads\/2019\/07\/PHOTO-2019-07-09-08-37-22-768x1024.jpg 768w, https:\/\/revistazetta.com\/wp-content\/uploads\/2019\/07\/PHOTO-2019-07-09-08-37-22-110x146.jpg 110w, https:\/\/revistazetta.com\/wp-content\/uploads\/2019\/07\/PHOTO-2019-07-09-08-37-22-38x50.jpg 38w, https:\/\/revistazetta.com\/wp-content\/uploads\/2019\/07\/PHOTO-2019-07-09-08-37-22-56x75.jpg 56w, https:\/\/revistazetta.com\/wp-content\/uploads\/2019\/07\/PHOTO-2019-07-09-08-37-22.jpg 960w\" sizes=\"auto, (max-width: 225px) 100vw, 225px\" \/><img loading=\"lazy\" decoding=\"async\" class=\"alignnone size-medium wp-image-30786\" src=\"https:\/\/www.revistazetta.com\/wp-content\/uploads\/2019\/07\/PHOTO-2019-07-09-08-37-22-2-225x300.jpg\" alt=\"\" width=\"225\" height=\"300\" srcset=\"https:\/\/revistazetta.com\/wp-content\/uploads\/2019\/07\/PHOTO-2019-07-09-08-37-22-2-225x300.jpg 225w, https:\/\/revistazetta.com\/wp-content\/uploads\/2019\/07\/PHOTO-2019-07-09-08-37-22-2-768x1024.jpg 768w, https:\/\/revistazetta.com\/wp-content\/uploads\/2019\/07\/PHOTO-2019-07-09-08-37-22-2-110x146.jpg 110w, https:\/\/revistazetta.com\/wp-content\/uploads\/2019\/07\/PHOTO-2019-07-09-08-37-22-2-38x50.jpg 38w, https:\/\/revistazetta.com\/wp-content\/uploads\/2019\/07\/PHOTO-2019-07-09-08-37-22-2-56x75.jpg 56w, https:\/\/revistazetta.com\/wp-content\/uploads\/2019\/07\/PHOTO-2019-07-09-08-37-22-2.jpg 960w\" sizes=\"auto, (max-width: 225px) 100vw, 225px\" \/><\/p>\n","protected":false},"excerpt":{"rendered":"<p>No est\u00e1 Am\u00e9rico Mendoza, actual concejal. Encabeza Laureano Curi, sobrino del fallecido Nicol\u00e1s Curi. Regresa Alfonso Anaya Lorduy. Llegan Jacobo Fonseca y Pedro Borr\u00e9. Judith D\u00edaz recibe trato despectivo. El partido ASI defini\u00f3 la lista que inscribir\u00e1 ante la Registradur\u00eda para las elecciones de octubre, con muchas sorpresas en su conformaci\u00f3n. La primera sorpresa es que no est\u00e1 el \u00fanico concejal actual de esa colectividad, Am\u00e9rico Mendoza Quessep, lo que no implica que no pueda terminar inscrito en el periodo de modificaciones. La lista la encabeza Laureano Curi Zapata, con&#8230; <\/p>\n","protected":false},"author":3,"featured_media":30784,"comment_status":"open","ping_status":"closed","sticky":false,"template":"","format":"standard","meta":{"footnotes":"","_links_to":"","_links_to_target":""},"categories":[75,4],"tags":[],"class_list":["post-30783","post","type-post","status-publish","format-standard","has-post-thumbnail","hentry","category-destacada","category-politica"],"_links":{"self":[{"href":"https:\/\/revistazetta.com\/index.php?rest_route=\/wp\/v2\/posts\/30783","targetHints":{"allow":["GET"]}}],"collection":[{"href":"https:\/\/revistazetta.com\/index.php?rest_route=\/wp\/v2\/posts"}],"about":[{"href":"https:\/\/revistazetta.com\/index.php?rest_route=\/wp\/v2\/types\/post"}],"author":[{"embeddable":true,"href":"https:\/\/revistazetta.com\/index.php?rest_route=\/wp\/v2\/users\/3"}],"replies":[{"embeddable":true,"href":"https:\/\/revistazetta.com\/index.php?rest_route=%2Fwp%2Fv2%2Fcomments&post=30783"}],"version-history":[{"count":0,"href":"https:\/\/revistazetta.com\/index.php?rest_route=\/wp\/v2\/posts\/30783\/revisions"}],"wp:featuredmedia":[{"embeddable":true,"href":"https:\/\/revistazetta.com\/index.php?rest_route=\/wp\/v2\/media\/30784"}],"wp:attachment":[{"href":"https:\/\/revistazetta.com\/index.php?rest_route=%2Fwp%2Fv2%2Fmedia&parent=30783"}],"wp:term":[{"taxonomy":"category","embeddable":true,"href":"https:\/\/revistazetta.com\/index.php?rest_route=%2Fwp%2Fv2%2Fcategories&post=30783"},{"taxonomy":"post_tag","embeddable":true,"href":"https:\/\/revistazetta.com\/index.php?rest_route=%2Fwp%2Fv2%2Ftags&post=30783"}],"curies":[{"name":"wp","href":"https:\/\/api.w.org\/{rel}","templated":true}]}}