{"id":30790,"date":"2019-07-09T18:50:40","date_gmt":"2019-07-09T23:50:40","guid":{"rendered":"http:\/\/www.revistazetta.com\/?p=30790"},"modified":"2019-07-09T18:50:40","modified_gmt":"2019-07-09T23:50:40","slug":"colombia-renaciente-otorgo-aval-sergio-londono-aspirar-la-alcaldia","status":"publish","type":"post","link":"https:\/\/revistazetta.com\/?p=30790","title":{"rendered":"Colombia Renaciente otorg\u00f3 aval a Sergio Londo\u00f1o para aspirar a la Alcald\u00eda"},"content":{"rendered":"<p>El partido Colombia Renaciente otorg\u00f3 aval a Sergio Alfonso Londo\u00f1o Zurek para aspirar a la Alcald\u00eda de Cartagena.<\/p>\n<p>Es es el comunicado de la colectividad:<\/p>\n<p><strong><span style=\"color: #993300;\"><em>El ex Alcalde de Cartagena de Indias, Sergio Londo\u00f1o Zurek, ha recibido el aval del\u00a0Partido Colombia Renaciente para ser candidato a la Alcald\u00eda de la ciudad. Londo\u00f1o\u00a0Zurek es polit\u00f3logo, especialista en Gobierno y Gerencia P\u00fablica, ha sido Director de la\u00a0Agencia Presidencial de Cooperaci\u00f3n y Alcalde encargado de esta ciudad.<\/em><\/span><\/strong><\/p>\n<p><strong><span style=\"color: #993300;\"><em>El Partido Colombia Renaciente busca el bienestar colectivo velando por la\u00a0transparencia, el desarrollo, la equidad, la sostenibilidad y la inclusi\u00f3n. Colombia\u00a0Renaciente se preocupa por una pol\u00edtica cercana al ciudadano que genere oportunidades\u00a0para todos los colombianos.<\/em><\/span><\/strong><\/p>\n<p><strong><span style=\"color: #993300;\"><em>Al respecto, el ex Alcalde Londo\u00f1o expres\u00f3: \u201cEste es el momento para el renacer de\u00a0Cartagena. Es la oportunidad que nos debemos dar para luchar una batalla heroica de libertad, dejando a un lado los esquemas tradicionales que nos han tenido\u00a0sometidos por\u00a0a\u00f1os. Es el momento de la transformaci\u00f3n y las oportunidades.\u201d<\/em><\/span><\/strong><\/p>\n","protected":false},"excerpt":{"rendered":"<p>El partido Colombia Renaciente otorg\u00f3 aval a Sergio Alfonso Londo\u00f1o Zurek para aspirar a la Alcald\u00eda de Cartagena. Es es el comunicado de la colectividad: El ex Alcalde de Cartagena de Indias, Sergio Londo\u00f1o Zurek, ha recibido el aval del\u00a0Partido Colombia Renaciente para ser candidato a la Alcald\u00eda de la ciudad. Londo\u00f1o\u00a0Zurek es polit\u00f3logo, especialista en Gobierno y Gerencia P\u00fablica, ha sido Director de la\u00a0Agencia Presidencial de Cooperaci\u00f3n y Alcalde encargado de esta ciudad. El Partido Colombia Renaciente busca el bienestar colectivo velando por la\u00a0transparencia, el desarrollo, la equidad, la&#8230; <\/p>\n","protected":false},"author":3,"featured_media":30791,"comment_status":"open","ping_status":"closed","sticky":false,"template":"","format":"standard","meta":{"footnotes":"","_links_to":"","_links_to_target":""},"categories":[75,4],"tags":[],"class_list":["post-30790","post","type-post","status-publish","format-standard","has-post-thumbnail","hentry","category-destacada","category-politica"],"_links":{"self":[{"href":"https:\/\/revistazetta.com\/index.php?rest_route=\/wp\/v2\/posts\/30790","targetHints":{"allow":["GET"]}}],"collection":[{"href":"https:\/\/revistazetta.com\/index.php?rest_route=\/wp\/v2\/posts"}],"about":[{"href":"https:\/\/revistazetta.com\/index.php?rest_route=\/wp\/v2\/types\/post"}],"author":[{"embeddable":true,"href":"https:\/\/revistazetta.com\/index.php?rest_route=\/wp\/v2\/users\/3"}],"replies":[{"embeddable":true,"href":"https:\/\/revistazetta.com\/index.php?rest_route=%2Fwp%2Fv2%2Fcomments&post=30790"}],"version-history":[{"count":0,"href":"https:\/\/revistazetta.com\/index.php?rest_route=\/wp\/v2\/posts\/30790\/revisions"}],"wp:featuredmedia":[{"embeddable":true,"href":"https:\/\/revistazetta.com\/index.php?rest_route=\/wp\/v2\/media\/30791"}],"wp:attachment":[{"href":"https:\/\/revistazetta.com\/index.php?rest_route=%2Fwp%2Fv2%2Fmedia&parent=30790"}],"wp:term":[{"taxonomy":"category","embeddable":true,"href":"https:\/\/revistazetta.com\/index.php?rest_route=%2Fwp%2Fv2%2Fcategories&post=30790"},{"taxonomy":"post_tag","embeddable":true,"href":"https:\/\/revistazetta.com\/index.php?rest_route=%2Fwp%2Fv2%2Ftags&post=30790"}],"curies":[{"name":"wp","href":"https:\/\/api.w.org\/{rel}","templated":true}]}}