{"id":30792,"date":"2019-07-10T11:59:57","date_gmt":"2019-07-10T16:59:57","guid":{"rendered":"http:\/\/www.revistazetta.com\/?p=30792"},"modified":"2019-07-10T18:08:00","modified_gmt":"2019-07-10T23:08:00","slug":"sagan-se-impone-ratifica-casta","status":"publish","type":"post","link":"https:\/\/revistazetta.com\/?p=30792","title":{"rendered":"Sagan se impone y ratifica su casta"},"content":{"rendered":"<p><em><strong>\u201cS\u00f3lo hay que ser paciente, seguir ah\u00ed, y la victoria acaba llegando\u201d, dijo Peter Sagan (Bora-Hansgrohe) cinco minutos despu\u00e9s de anotar su primera victoria en el Tour de Francia 2019, 355 d\u00edas y 6 top10 despu\u00e9s de su anterior triunfo en la Grande Boucle. El tres veces campe\u00f3n del mundo super\u00f3 con holgura en un sprint reducido a Wout van Aert (Jumbo-Visma) y Matteo Trentin (Mitchelton-Scott). No hubo novedades en la lucha por la general: todos los favoritos franquearon la meta de Colmar en el\u00a0diezmado pelot\u00f3n de unos 80 ciclistas, incluyendo un Julian Alaphilippe (Deceuninck-Quick Step) que conserva el maillot amarillo de l\u00edder en v\u00edsperas del primer final en alto en La Planche des Belles Filles.<\/strong><\/em><\/p>\n<p>176 corredores tomaron la salida en la quinta etapa del Tour de Francia 2019 a las 13:24. Hubo much\u00edsima batalla de partida para formar la fuga. Thomas de Gendt (Lotto-Soudal), Beno\u00eet Cosnefroy (Ag2r La Mondiale) y Jan Tratnik (Bahrain-Merida) parecieron conseguirlo en los primeros kil\u00f3metros, pero acabaron siendo devueltos a la disciplina del pelot\u00f3n. En el kil\u00f3metro 22, el l\u00edder de la Monta\u00f1a, Tim Wellens (Lotto-Soudal), se march\u00f3 junto a Simon Clarke (EF Education First), Mads W\u00fcrtz Schmidt (Katusha-Alpecin) y Toms Skujins (Trek-Segafredo) para\u00a0fraguar la escapada definitiva.<\/p>\n<p><strong>Bajo el control Bora-Hansgrohe y Team Sunweb<\/strong><\/p>\n<p>El cuarteto de escapados no cont\u00f3 con el pleno permiso del pelot\u00f3n. De hecho, la ventaja m\u00e1xima que registraron fueron de 2\u201930\u201d en el kil\u00f3metro 97. La raz\u00f3n: Bora-Hansgrohe, Team Sunweb y en menor medida Deceuninck-Quick Step estaban decididos a no dejarlos marchar pensando en una potencial llegada reducida en Colmar ideal para sus l\u00edderes\u00a0Peter Sagan, Michael Matthews y Julian Alaphilippe. Clarke fue el primero en Heiligenstein (SI, km 71), mientras Wellens sum\u00f3 el m\u00e1ximo de puntos disponibles en la C\u00f4te de Grendelbruch (3\u00aa, km 44) y la C\u00f4te du Haut-Koenigsbourg (2\u00aa, km 109,5) para prolongar su\u00a0posesi\u00f3n del maillot de puntos rojos.<\/p>\n<p><strong>Aventuras en solitario de Skujins y Costa<\/strong><\/p>\n<p>La escapada comenz\u00f3 la subida a la C\u00f4te des Trois-\u00c9pis (2\u00aa, km 140,5) con 1\u201930\u201d sobre el pelot\u00f3n. Fue en sus rampas que\u00a0Skujins aceler\u00f3 la marcha en solitario y dej\u00f3 atr\u00e1s al resto de sus compa\u00f1eros. El let\u00f3n coron\u00f3 en cabeza, pero no pudo evitar que su ventaja fuera menguando hasta ser neutralizado en la \u00faltima ascensi\u00f3n del d\u00eda, la C\u00f4te des Cinq Chateaux (3\u00aa, km 156), a 22,5 kil\u00f3metros de meta. La coron\u00f3 en cabeza Xandro Meurisse (Wanty-Groupe Gobert), anticip\u00e1ndose a un pelot\u00f3n diezmado hasta los 80 ciclistas que march\u00f3 compacto hasta meta. S\u00f3lo Rui Costa (UAE Team Emirates) le inquiet\u00f3 con un ataque lanzado a 7,5 kil\u00f3metros del final que fue neutralizado cuando quedaban 2,5.<\/p>\n","protected":false},"excerpt":{"rendered":"<p>\u201cS\u00f3lo hay que ser paciente, seguir ah\u00ed, y la victoria acaba llegando\u201d, dijo Peter Sagan (Bora-Hansgrohe) cinco minutos despu\u00e9s de anotar su primera victoria en el Tour de Francia 2019, 355 d\u00edas y 6 top10 despu\u00e9s de su anterior triunfo en la Grande Boucle. El tres veces campe\u00f3n del mundo super\u00f3 con holgura en un sprint reducido a Wout van Aert (Jumbo-Visma) y Matteo Trentin (Mitchelton-Scott). No hubo novedades en la lucha por la general: todos los favoritos franquearon la meta de Colmar en el\u00a0diezmado pelot\u00f3n de unos 80 ciclistas,&#8230; <\/p>\n","protected":false},"author":3,"featured_media":30793,"comment_status":"open","ping_status":"closed","sticky":false,"template":"","format":"standard","meta":{"footnotes":"","_links_to":"","_links_to_target":""},"categories":[53,75],"tags":[],"class_list":["post-30792","post","type-post","status-publish","format-standard","has-post-thumbnail","hentry","category-deportes","category-destacada"],"_links":{"self":[{"href":"https:\/\/revistazetta.com\/index.php?rest_route=\/wp\/v2\/posts\/30792","targetHints":{"allow":["GET"]}}],"collection":[{"href":"https:\/\/revistazetta.com\/index.php?rest_route=\/wp\/v2\/posts"}],"about":[{"href":"https:\/\/revistazetta.com\/index.php?rest_route=\/wp\/v2\/types\/post"}],"author":[{"embeddable":true,"href":"https:\/\/revistazetta.com\/index.php?rest_route=\/wp\/v2\/users\/3"}],"replies":[{"embeddable":true,"href":"https:\/\/revistazetta.com\/index.php?rest_route=%2Fwp%2Fv2%2Fcomments&post=30792"}],"version-history":[{"count":0,"href":"https:\/\/revistazetta.com\/index.php?rest_route=\/wp\/v2\/posts\/30792\/revisions"}],"wp:featuredmedia":[{"embeddable":true,"href":"https:\/\/revistazetta.com\/index.php?rest_route=\/wp\/v2\/media\/30793"}],"wp:attachment":[{"href":"https:\/\/revistazetta.com\/index.php?rest_route=%2Fwp%2Fv2%2Fmedia&parent=30792"}],"wp:term":[{"taxonomy":"category","embeddable":true,"href":"https:\/\/revistazetta.com\/index.php?rest_route=%2Fwp%2Fv2%2Fcategories&post=30792"},{"taxonomy":"post_tag","embeddable":true,"href":"https:\/\/revistazetta.com\/index.php?rest_route=%2Fwp%2Fv2%2Ftags&post=30792"}],"curies":[{"name":"wp","href":"https:\/\/api.w.org\/{rel}","templated":true}]}}