{"id":30794,"date":"2019-07-10T18:29:11","date_gmt":"2019-07-10T23:29:11","guid":{"rendered":"http:\/\/www.revistazetta.com\/?p=30794"},"modified":"2019-07-10T18:30:33","modified_gmt":"2019-07-10T23:30:33","slug":"mais-avalo-jesus-payares-gobernacion","status":"publish","type":"post","link":"https:\/\/revistazetta.com\/?p=30794","title":{"rendered":"MAIS aval\u00f3 a Jes\u00fas Payares para Gobernaci\u00f3n"},"content":{"rendered":"<p>La carrera por la Gobernaci\u00f3n de Bol\u00edvar tiene un tercer contenedor confirmado: Jes\u00fas Payares Castillo, quien recibi\u00f3 aval del Movimiento MAIS.<\/p>\n<p>Payares present\u00f3 el programa de gobierno llamado \u00abPor un solo Bol\u00edvar\u00bb y se\u00f1al\u00f3 que tiene la experiencia, la vocaci\u00f3n de servicio y las propuestas m\u00e1s indicadas para hacer una Gobernaci\u00f3n incluyente, transparente y de desarrollo para todas sus subregiones.<\/p>\n<p>Dijo que har\u00e1 \u00e9nfasis especial en comunicar a los territorios y dinamizar las econom\u00edas locales.<\/p>\n<p>Marta Peralta, director nacional de MAIS, vino a Cartagena para entregarle el aval y se\u00f1al\u00f3 que Jes\u00fas Payares es garant\u00eda para todos los grupos poblacionales como los ind\u00edgenas, las juventudes, las madres cabezas de familia, las personas LGBT, y que representa una fuerza concluyente y no disgregan.<\/p>\n<p>Los otros dos candidatos con aval para Gobernaci\u00f3n hasta el momento son Vicente Blel Scaff por el partido Conservador y Hernando Padau\u00ed \u00c1lvarez por el partido Cambio Radical.<\/p>\n<p>John Zamora, director de Revista Zetta, lo entrevist\u00f3 y esto dijo Jes\u00fas Payares:<\/p>\n<p>&nbsp;<\/p>\n<p><iframe loading=\"lazy\" src=\"https:\/\/www.youtube.com\/embed\/ugWV_v8rppQ\" width=\"560\" height=\"315\" frameborder=\"0\" allowfullscreen=\"allowfullscreen\"><\/iframe><\/p>\n<p>&nbsp;<\/p>\n<p><img loading=\"lazy\" decoding=\"async\" class=\"alignnone size-medium wp-image-30800\" src=\"https:\/\/www.revistazetta.com\/wp-content\/uploads\/2019\/07\/JPC-aval-5-300x188.jpg\" alt=\"\" width=\"300\" height=\"188\" srcset=\"https:\/\/revistazetta.com\/wp-content\/uploads\/2019\/07\/JPC-aval-5-300x188.jpg 300w, https:\/\/revistazetta.com\/wp-content\/uploads\/2019\/07\/JPC-aval-5.jpg 1024w, https:\/\/revistazetta.com\/wp-content\/uploads\/2019\/07\/JPC-aval-5-234x146.jpg 234w, https:\/\/revistazetta.com\/wp-content\/uploads\/2019\/07\/JPC-aval-5-50x31.jpg 50w, https:\/\/revistazetta.com\/wp-content\/uploads\/2019\/07\/JPC-aval-5-120x75.jpg 120w\" sizes=\"auto, (max-width: 300px) 100vw, 300px\" \/> <img loading=\"lazy\" decoding=\"async\" class=\"alignnone size-medium wp-image-30799\" src=\"https:\/\/www.revistazetta.com\/wp-content\/uploads\/2019\/07\/JPC-aval-4-300x188.jpg\" alt=\"\" width=\"300\" height=\"188\" srcset=\"https:\/\/revistazetta.com\/wp-content\/uploads\/2019\/07\/JPC-aval-4-300x188.jpg 300w, https:\/\/revistazetta.com\/wp-content\/uploads\/2019\/07\/JPC-aval-4.jpg 1024w, https:\/\/revistazetta.com\/wp-content\/uploads\/2019\/07\/JPC-aval-4-234x146.jpg 234w, https:\/\/revistazetta.com\/wp-content\/uploads\/2019\/07\/JPC-aval-4-50x31.jpg 50w, https:\/\/revistazetta.com\/wp-content\/uploads\/2019\/07\/JPC-aval-4-120x75.jpg 120w\" sizes=\"auto, (max-width: 300px) 100vw, 300px\" \/> <img loading=\"lazy\" decoding=\"async\" class=\"alignnone size-medium wp-image-30798\" src=\"https:\/\/www.revistazetta.com\/wp-content\/uploads\/2019\/07\/JPC-aval-3-300x188.jpg\" alt=\"\" width=\"300\" height=\"188\" \/> <img loading=\"lazy\" decoding=\"async\" class=\"alignnone size-medium wp-image-30808\" src=\"https:\/\/www.revistazetta.com\/wp-content\/uploads\/2019\/07\/Paya-Peral-300x188.jpg\" alt=\"\" width=\"300\" height=\"188\" \/> <img loading=\"lazy\" decoding=\"async\" class=\"alignnone size-medium wp-image-30807\" src=\"https:\/\/www.revistazetta.com\/wp-content\/uploads\/2019\/07\/Paya-Peral-2-300x188.jpg\" alt=\"\" width=\"300\" height=\"188\" srcset=\"https:\/\/revistazetta.com\/wp-content\/uploads\/2019\/07\/Paya-Peral-2-300x188.jpg 300w, https:\/\/revistazetta.com\/wp-content\/uploads\/2019\/07\/Paya-Peral-2.jpg 1024w, https:\/\/revistazetta.com\/wp-content\/uploads\/2019\/07\/Paya-Peral-2-234x146.jpg 234w, https:\/\/revistazetta.com\/wp-content\/uploads\/2019\/07\/Paya-Peral-2-50x31.jpg 50w, https:\/\/revistazetta.com\/wp-content\/uploads\/2019\/07\/Paya-Peral-2-120x75.jpg 120w\" sizes=\"auto, (max-width: 300px) 100vw, 300px\" \/> <img loading=\"lazy\" decoding=\"async\" class=\"alignnone size-medium wp-image-30806\" src=\"https:\/\/www.revistazetta.com\/wp-content\/uploads\/2019\/07\/Marta-Peralta-240x300.jpg\" alt=\"\" width=\"240\" height=\"300\" \/> <img loading=\"lazy\" decoding=\"async\" class=\"alignnone size-medium wp-image-30797\" src=\"https:\/\/www.revistazetta.com\/wp-content\/uploads\/2019\/07\/JPC-aval-2-300x188.jpg\" alt=\"\" width=\"300\" height=\"188\" srcset=\"https:\/\/revistazetta.com\/wp-content\/uploads\/2019\/07\/JPC-aval-2-300x188.jpg 300w, https:\/\/revistazetta.com\/wp-content\/uploads\/2019\/07\/JPC-aval-2.jpg 1024w, https:\/\/revistazetta.com\/wp-content\/uploads\/2019\/07\/JPC-aval-2-234x146.jpg 234w, https:\/\/revistazetta.com\/wp-content\/uploads\/2019\/07\/JPC-aval-2-50x31.jpg 50w, https:\/\/revistazetta.com\/wp-content\/uploads\/2019\/07\/JPC-aval-2-120x75.jpg 120w\" sizes=\"auto, (max-width: 300px) 100vw, 300px\" \/> <img loading=\"lazy\" decoding=\"async\" class=\"alignnone size-medium wp-image-30796\" src=\"https:\/\/www.revistazetta.com\/wp-content\/uploads\/2019\/07\/JPC-aval-1-300x188.jpg\" alt=\"\" width=\"300\" height=\"188\" \/> <img loading=\"lazy\" decoding=\"async\" class=\"alignnone size-medium wp-image-30805\" src=\"https:\/\/www.revistazetta.com\/wp-content\/uploads\/2019\/07\/JPC-sonrisa-240x300.jpg\" alt=\"\" width=\"240\" height=\"300\" \/> <img loading=\"lazy\" decoding=\"async\" class=\"alignnone size-medium wp-image-30804\" src=\"https:\/\/www.revistazetta.com\/wp-content\/uploads\/2019\/07\/JPC-aval-9-300x240.jpg\" alt=\"\" width=\"300\" height=\"240\" \/> <img loading=\"lazy\" decoding=\"async\" class=\"alignnone size-medium wp-image-30803\" src=\"https:\/\/www.revistazetta.com\/wp-content\/uploads\/2019\/07\/JPC-aval-8-300x240.jpg\" alt=\"\" width=\"300\" height=\"240\" \/> <img loading=\"lazy\" decoding=\"async\" class=\"alignnone size-medium wp-image-30802\" src=\"https:\/\/www.revistazetta.com\/wp-content\/uploads\/2019\/07\/JPC-aval-7-240x300.jpg\" alt=\"\" width=\"240\" height=\"300\" srcset=\"https:\/\/revistazetta.com\/wp-content\/uploads\/2019\/07\/JPC-aval-7-240x300.jpg 240w, https:\/\/revistazetta.com\/wp-content\/uploads\/2019\/07\/JPC-aval-7-117x146.jpg 117w, https:\/\/revistazetta.com\/wp-content\/uploads\/2019\/07\/JPC-aval-7-40x50.jpg 40w, https:\/\/revistazetta.com\/wp-content\/uploads\/2019\/07\/JPC-aval-7-60x75.jpg 60w, https:\/\/revistazetta.com\/wp-content\/uploads\/2019\/07\/JPC-aval-7.jpg 640w\" sizes=\"auto, (max-width: 240px) 100vw, 240px\" \/> <img loading=\"lazy\" decoding=\"async\" class=\"alignnone size-medium wp-image-30801\" src=\"https:\/\/www.revistazetta.com\/wp-content\/uploads\/2019\/07\/JPC-aval-6-300x188.jpg\" alt=\"\" width=\"300\" height=\"188\" \/><\/p>\n","protected":false},"excerpt":{"rendered":"<p>La carrera por la Gobernaci\u00f3n de Bol\u00edvar tiene un tercer contenedor confirmado: Jes\u00fas Payares Castillo, quien recibi\u00f3 aval del Movimiento MAIS. Payares present\u00f3 el programa de gobierno llamado \u00abPor un solo Bol\u00edvar\u00bb y se\u00f1al\u00f3 que tiene la experiencia, la vocaci\u00f3n de servicio y las propuestas m\u00e1s indicadas para hacer una Gobernaci\u00f3n incluyente, transparente y de desarrollo para todas sus subregiones. Dijo que har\u00e1 \u00e9nfasis especial en comunicar a los territorios y dinamizar las econom\u00edas locales. Marta Peralta, director nacional de MAIS, vino a Cartagena para entregarle el aval y se\u00f1al\u00f3&#8230; <\/p>\n","protected":false},"author":3,"featured_media":30795,"comment_status":"open","ping_status":"closed","sticky":false,"template":"","format":"standard","meta":{"footnotes":"","_links_to":"","_links_to_target":""},"categories":[75,4],"tags":[],"class_list":["post-30794","post","type-post","status-publish","format-standard","has-post-thumbnail","hentry","category-destacada","category-politica"],"_links":{"self":[{"href":"https:\/\/revistazetta.com\/index.php?rest_route=\/wp\/v2\/posts\/30794","targetHints":{"allow":["GET"]}}],"collection":[{"href":"https:\/\/revistazetta.com\/index.php?rest_route=\/wp\/v2\/posts"}],"about":[{"href":"https:\/\/revistazetta.com\/index.php?rest_route=\/wp\/v2\/types\/post"}],"author":[{"embeddable":true,"href":"https:\/\/revistazetta.com\/index.php?rest_route=\/wp\/v2\/users\/3"}],"replies":[{"embeddable":true,"href":"https:\/\/revistazetta.com\/index.php?rest_route=%2Fwp%2Fv2%2Fcomments&post=30794"}],"version-history":[{"count":0,"href":"https:\/\/revistazetta.com\/index.php?rest_route=\/wp\/v2\/posts\/30794\/revisions"}],"wp:featuredmedia":[{"embeddable":true,"href":"https:\/\/revistazetta.com\/index.php?rest_route=\/wp\/v2\/media\/30795"}],"wp:attachment":[{"href":"https:\/\/revistazetta.com\/index.php?rest_route=%2Fwp%2Fv2%2Fmedia&parent=30794"}],"wp:term":[{"taxonomy":"category","embeddable":true,"href":"https:\/\/revistazetta.com\/index.php?rest_route=%2Fwp%2Fv2%2Fcategories&post=30794"},{"taxonomy":"post_tag","embeddable":true,"href":"https:\/\/revistazetta.com\/index.php?rest_route=%2Fwp%2Fv2%2Ftags&post=30794"}],"curies":[{"name":"wp","href":"https:\/\/api.w.org\/{rel}","templated":true}]}}