{"id":30810,"date":"2019-07-11T06:33:30","date_gmt":"2019-07-11T11:33:30","guid":{"rendered":"http:\/\/www.revistazetta.com\/?p=30810"},"modified":"2019-07-11T06:33:30","modified_gmt":"2019-07-11T11:33:30","slug":"civismo-comuna-6-quiere-la-mas-limpia-cartagena","status":"publish","type":"post","link":"https:\/\/revistazetta.com\/?p=30810","title":{"rendered":"Con civismo, Comuna 6 quiere ser la m\u00e1s limpia de Cartagena"},"content":{"rendered":"<p>Una ejemplar iniciativa c\u00edvica est\u00e1 ocurriendo en la Comuna 6, donde tienen el prop\u00f3sito de elevar su calidad de vida a trav\u00e9s de una red de acciones con beneficio comunitario y la puesta en marcha de un plan para el \u00abBuen vivir\u00bb, con una hoja de ruta a largo plazo.<\/p>\n<p>Esta es la informaci\u00f3n que quieren compartir con los lectores de Revista Zetta:<\/p>\n<p><span style=\"color: #000080;\"><img loading=\"lazy\" decoding=\"async\" class=\"size-medium wp-image-30813 alignright\" src=\"https:\/\/www.revistazetta.com\/wp-content\/uploads\/2019\/07\/Comuna-6-1-262x300.jpeg\" alt=\"\" width=\"262\" height=\"300\" srcset=\"https:\/\/revistazetta.com\/wp-content\/uploads\/2019\/07\/Comuna-6-1-262x300.jpeg 262w, https:\/\/revistazetta.com\/wp-content\/uploads\/2019\/07\/Comuna-6-1-127x146.jpeg 127w, https:\/\/revistazetta.com\/wp-content\/uploads\/2019\/07\/Comuna-6-1-44x50.jpeg 44w, https:\/\/revistazetta.com\/wp-content\/uploads\/2019\/07\/Comuna-6-1-65x75.jpeg 65w, https:\/\/revistazetta.com\/wp-content\/uploads\/2019\/07\/Comuna-6-1.jpeg 442w\" sizes=\"auto, (max-width: 262px) 100vw, 262px\" \/>Queremos comentarles que la Comuna 6 de Cartagena tiene aproximadamente 100.000 habitantes y est\u00e1 conformada por 5 sectores del barrio Olaya: El Progreso, La Puntilla, Zarabanda, Playas Blancas y la Magdalena, por los barrios Fredonia, Nuevo Para\u00edso, Villas de la Candelaria, Villa Zuldany, Villa Estrella hasta El Poz\u00f3n. Esta Comuna se caracteriza por su vital organizaci\u00f3n comunitaria, lo que se refleja en la planeaci\u00f3n y puesta en marcha del Plan para el Buen Vivir, una hoja de ruta a 2031 en la que han participado m\u00e1s de 5.000 personas, que comparten una visi\u00f3n de futuro, en la que los habitantes de la Comuna 6 tienen una mejor calidad de vida.<\/span><\/p>\n<p><span style=\"color: #000080;\">Este plan tiene 5 estrategias\u00a0 que son: educaci\u00f3n, h\u00e1bitat y ambiente, gesti\u00f3n participativa, generaci\u00f3n de ingreso y comunicaci\u00f3n para la construcci\u00f3n de sentidos; en esta \u00faltima estrategia se identific\u00f3 que todos los barrios de la Comuna 6 tienen un gran problema basuras que est\u00e1n afectando la salud de los ni\u00f1os y ni\u00f1as, su ambiente, la convivencia entre vecinos y el riesgo por inundaciones.<\/span><\/p>\n<p><span style=\"color: #000080;\">Es por ello, que un grupo representativo de vecinos de toda la Comuna 6, conformado por 150 hombres y mujeres de todas las edades, ni\u00f1os, j\u00f3venes, padres y madres de familia, comerciantes, maestros y maestras, se reunieron durante varios d\u00edas a <strong>DELIBERAR <\/strong>sobre el problema de las basuras, sus causas y consecuencias.<\/span><\/p>\n<p><span style=\"color: #000080;\">Este grupo tom\u00f3 la decisi\u00f3n colectiva de construir unas nuevas reglas de juego y asumir el compromiso p\u00fablico como vecinos representativos de todos los habitantes de la Comuna 6 de seguir estas nuevas reglas, y lograr juntos ser la Comuna m\u00e1s limpia de la ciudad.<\/span><\/p>\n<p><span style=\"color: #000080;\"><img loading=\"lazy\" decoding=\"async\" class=\"size-medium wp-image-30814 alignright\" src=\"https:\/\/www.revistazetta.com\/wp-content\/uploads\/2019\/07\/Comuna-6-2-225x300.jpeg\" alt=\"\" width=\"225\" height=\"300\" srcset=\"https:\/\/revistazetta.com\/wp-content\/uploads\/2019\/07\/Comuna-6-2-225x300.jpeg 225w, https:\/\/revistazetta.com\/wp-content\/uploads\/2019\/07\/Comuna-6-2-768x1024.jpeg 768w, https:\/\/revistazetta.com\/wp-content\/uploads\/2019\/07\/Comuna-6-2-110x146.jpeg 110w, https:\/\/revistazetta.com\/wp-content\/uploads\/2019\/07\/Comuna-6-2-38x50.jpeg 38w, https:\/\/revistazetta.com\/wp-content\/uploads\/2019\/07\/Comuna-6-2-56x75.jpeg 56w, https:\/\/revistazetta.com\/wp-content\/uploads\/2019\/07\/Comuna-6-2.jpeg 960w\" sizes=\"auto, (max-width: 225px) 100vw, 225px\" \/>Decidieron que en adelante todos y todas los habitantes de la Comuna 6 observar\u00e1n las siguientes reglas:\u00a0<\/span><\/p>\n<ol>\n<li><span style=\"color: #000080;\">Los habitantes de la Comuna 6\u00a0<strong>clasificamos y aprovechamos los residuos <\/strong><strong>org\u00e1nicos e inorg\u00e1nicos en nuestras casas. <\/strong><\/span><\/li>\n<li><span style=\"color: #000080;\">Los habitantes de la Comuna 6 sacamos la basura <strong>en bolsas resistentes y bien amarradas.<\/strong><\/span><\/li>\n<li><span style=\"color: #000080;\">Los habitantes de la Comuna 6\u00a0<strong>no arrojamos basuras en las calles, ca\u00f1os, canales y parques<\/strong><\/span><\/li>\n<li><span style=\"color: #000080;\">Los habitantes de la Comuna 6 sacamos la basura <strong>en el horario establecido.<\/strong><\/span><\/li>\n<\/ol>\n<p><span style=\"color: #000080;\">Los habitantes de la Comuna 6 se comprometieron a observar estas reglas y entre todos hacer que se cumplan, por eso se establecieron las siguientes sanciones y recompensas.<\/span><\/p>\n<p><span style=\"color: #000080;\"><strong>Sanciones:<\/strong><\/span><\/p>\n<p><span style=\"color: #000080;\">En primera instancia, llamado de atenci\u00f3n colectiva<\/span><\/p>\n<p><span style=\"color: #000080;\">En segunda instancia, llamado de atenci\u00f3n colectivo y p\u00fablico<\/span><\/p>\n<p><span style=\"color: #000080;\">En tercera instancia, llamado de atenci\u00f3n colectivo y p\u00fablico y con presencia de autoridad competente.<\/span><\/p>\n<p><span style=\"color: #000080;\"><strong>Recompensas:<\/strong><\/span><\/p>\n<p><span style=\"color: #000080;\">En primera instancia, reconocimiento colectivo<\/span><\/p>\n<p><span style=\"color: #000080;\">En segunda instancia, reconocimiento colectivo y p\u00fablico.<\/span><\/p>\n<p><span style=\"color: #000080;\">Queremos invitar a todos los medios de Comunicaci\u00f3n de Cartagena a que se vinculen a este sue\u00f1o de \u00a0tener la Comuna m\u00e1s limpia de Cartagena y vincularse este 12 de julio desde las 2:30 p.m., a la Caravana del Buen Vivir, que saldr\u00e1 desde dos puntos: En el barrio Olaya Herrera, desde el parque del Progreso; mientras que la del barrio El Poz\u00f3n saldr\u00e1 del CAI de Polic\u00eda del sector Central y finalizar\u00e1 en el barrio Nuevo Para\u00edso \u2013 Cancha el Minero. El objetivo de esta caravana es dar a conocer la decisi\u00f3n colectiva de los acuerdos comunitarios y asumir el compromiso de ser la Comuna m\u00e1s limpia de Cartagena.<\/span><\/p>\n<p><img loading=\"lazy\" decoding=\"async\" class=\"alignnone size-medium wp-image-30815\" src=\"https:\/\/www.revistazetta.com\/wp-content\/uploads\/2019\/07\/Comuna-6-3-225x300.jpeg\" alt=\"\" width=\"225\" height=\"300\" srcset=\"https:\/\/revistazetta.com\/wp-content\/uploads\/2019\/07\/Comuna-6-3-225x300.jpeg 225w, https:\/\/revistazetta.com\/wp-content\/uploads\/2019\/07\/Comuna-6-3-768x1024.jpeg 768w, https:\/\/revistazetta.com\/wp-content\/uploads\/2019\/07\/Comuna-6-3-110x146.jpeg 110w, https:\/\/revistazetta.com\/wp-content\/uploads\/2019\/07\/Comuna-6-3-38x50.jpeg 38w, https:\/\/revistazetta.com\/wp-content\/uploads\/2019\/07\/Comuna-6-3-56x75.jpeg 56w, https:\/\/revistazetta.com\/wp-content\/uploads\/2019\/07\/Comuna-6-3.jpeg 960w\" sizes=\"auto, (max-width: 225px) 100vw, 225px\" \/> <img loading=\"lazy\" decoding=\"async\" class=\"alignnone size-medium wp-image-30816\" src=\"https:\/\/www.revistazetta.com\/wp-content\/uploads\/2019\/07\/Comuna-6-4-225x300.jpeg\" alt=\"\" width=\"225\" height=\"300\" srcset=\"https:\/\/revistazetta.com\/wp-content\/uploads\/2019\/07\/Comuna-6-4-225x300.jpeg 225w, https:\/\/revistazetta.com\/wp-content\/uploads\/2019\/07\/Comuna-6-4-768x1024.jpeg 768w, https:\/\/revistazetta.com\/wp-content\/uploads\/2019\/07\/Comuna-6-4-110x146.jpeg 110w, https:\/\/revistazetta.com\/wp-content\/uploads\/2019\/07\/Comuna-6-4-38x50.jpeg 38w, https:\/\/revistazetta.com\/wp-content\/uploads\/2019\/07\/Comuna-6-4-56x75.jpeg 56w, https:\/\/revistazetta.com\/wp-content\/uploads\/2019\/07\/Comuna-6-4.jpeg 960w\" sizes=\"auto, (max-width: 225px) 100vw, 225px\" \/> <img loading=\"lazy\" decoding=\"async\" class=\"alignnone size-medium wp-image-30817\" src=\"https:\/\/www.revistazetta.com\/wp-content\/uploads\/2019\/07\/Comuna-6-5-225x300.jpeg\" alt=\"\" width=\"225\" height=\"300\" srcset=\"https:\/\/revistazetta.com\/wp-content\/uploads\/2019\/07\/Comuna-6-5-225x300.jpeg 225w, https:\/\/revistazetta.com\/wp-content\/uploads\/2019\/07\/Comuna-6-5-768x1024.jpeg 768w, https:\/\/revistazetta.com\/wp-content\/uploads\/2019\/07\/Comuna-6-5-110x146.jpeg 110w, https:\/\/revistazetta.com\/wp-content\/uploads\/2019\/07\/Comuna-6-5-38x50.jpeg 38w, https:\/\/revistazetta.com\/wp-content\/uploads\/2019\/07\/Comuna-6-5-56x75.jpeg 56w, https:\/\/revistazetta.com\/wp-content\/uploads\/2019\/07\/Comuna-6-5.jpeg 960w\" sizes=\"auto, (max-width: 225px) 100vw, 225px\" \/><\/p>\n","protected":false},"excerpt":{"rendered":"<p>Una ejemplar iniciativa c\u00edvica est\u00e1 ocurriendo en la Comuna 6, donde tienen el prop\u00f3sito de elevar su calidad de vida a trav\u00e9s de una red de acciones con beneficio comunitario y la puesta en marcha de un plan para el \u00abBuen vivir\u00bb, con una hoja de ruta a largo plazo. Esta es la informaci\u00f3n que quieren compartir con los lectores de Revista Zetta: Queremos comentarles que la Comuna 6 de Cartagena tiene aproximadamente 100.000 habitantes y est\u00e1 conformada por 5 sectores del barrio Olaya: El Progreso, La Puntilla, Zarabanda, Playas&#8230; <\/p>\n","protected":false},"author":3,"featured_media":30811,"comment_status":"open","ping_status":"closed","sticky":false,"template":"","format":"standard","meta":{"footnotes":"","_links_to":"","_links_to_target":""},"categories":[75,86,32],"tags":[],"class_list":["post-30810","post","type-post","status-publish","format-standard","has-post-thumbnail","hentry","category-destacada","category-comunidad","category-actualidad-distrito"],"_links":{"self":[{"href":"https:\/\/revistazetta.com\/index.php?rest_route=\/wp\/v2\/posts\/30810","targetHints":{"allow":["GET"]}}],"collection":[{"href":"https:\/\/revistazetta.com\/index.php?rest_route=\/wp\/v2\/posts"}],"about":[{"href":"https:\/\/revistazetta.com\/index.php?rest_route=\/wp\/v2\/types\/post"}],"author":[{"embeddable":true,"href":"https:\/\/revistazetta.com\/index.php?rest_route=\/wp\/v2\/users\/3"}],"replies":[{"embeddable":true,"href":"https:\/\/revistazetta.com\/index.php?rest_route=%2Fwp%2Fv2%2Fcomments&post=30810"}],"version-history":[{"count":0,"href":"https:\/\/revistazetta.com\/index.php?rest_route=\/wp\/v2\/posts\/30810\/revisions"}],"wp:featuredmedia":[{"embeddable":true,"href":"https:\/\/revistazetta.com\/index.php?rest_route=\/wp\/v2\/media\/30811"}],"wp:attachment":[{"href":"https:\/\/revistazetta.com\/index.php?rest_route=%2Fwp%2Fv2%2Fmedia&parent=30810"}],"wp:term":[{"taxonomy":"category","embeddable":true,"href":"https:\/\/revistazetta.com\/index.php?rest_route=%2Fwp%2Fv2%2Fcategories&post=30810"},{"taxonomy":"post_tag","embeddable":true,"href":"https:\/\/revistazetta.com\/index.php?rest_route=%2Fwp%2Fv2%2Ftags&post=30810"}],"curies":[{"name":"wp","href":"https:\/\/api.w.org\/{rel}","templated":true}]}}