{"id":30825,"date":"2019-07-11T08:58:41","date_gmt":"2019-07-11T13:58:41","guid":{"rendered":"http:\/\/www.revistazetta.com\/?p=30825"},"modified":"2019-07-11T08:58:41","modified_gmt":"2019-07-11T13:58:41","slug":"estos-los-29-parques-recuperara-distrito","status":"publish","type":"post","link":"https:\/\/revistazetta.com\/?p=30825","title":{"rendered":"Estos son los 29 parques que recuperar\u00e1 el Distrito"},"content":{"rendered":"<p>Comprometido con la sostenibilidad ambiental y el cuidado de las zonas verdes de la ciudad, el alcalde, Pedrito Pereira Caballero, firm\u00f3 en la tarde de hoy un convenio de adopci\u00f3n de parques y zonas verdes con Aguas de Cartagena, entidad que adoptar\u00e1 28 parques y PharmaSer, empresa que estar\u00e1 a cargo del parque de Santa M\u00f3nica.<br \/>\n\u00abEste logro fue posible gracias a la reactivaci\u00f3n del Comit\u00e9 de Parques y Zonas Verdes del Distrito. La satisfacci\u00f3n es poder ver ni\u00f1os y familias compartiendo en estos lugares\u00bb, indic\u00f3 Pedrito Pereira Caballero.<br \/>\nEl comit\u00e9 de parques, presidido por la Oficina de Gesti\u00f3n Social y la Gerencia de Espacio P\u00fablico con el concurso de distintas entidades y la empresa privada, se dio a la tarea de avanzar para materializar estos convenios por 2 a\u00f1os.<br \/>\n\u00abEl primer objetivo de este encargo es recuperar la confianza en la institucionalidad y lo estamos logrando. Encontramos que los convenios estaban finalizados y entramos en di\u00e1logo con varias empresas. Por eso hoy, es una realidad\u00bb, precis\u00f3 Pereira Caballero.<br \/>\nDe igual forma, agradeci\u00f3 a las empresas por la adopci\u00f3n de los parques y zonas verdes demostrando las buenas relaciones entre lo p\u00fablico y el sector privado. \u00abDe esta manera estamos logrando todos unidos una mejor Cartagena. Lo m\u00e1s importante es que estas zonas ser\u00e1n de integraci\u00f3n comunitaria y sitios para el disfrute de la ciudadan\u00eda\u00bb.<br \/>\nEn cuanto a los convenios de adopci\u00f3n de parques, el mandatario distrital inform\u00f3 que quienes est\u00e9n interesados en mantener estos espacios verdes y de recreaci\u00f3n, deben cumplir con lo estipulado en el Manual de Parques que tiene el Comit\u00e9 de Parques y el Establecimiento P\u00fablico Ambiental (EPA). \u201cSe hace un convenio, en el que aparecen todas las especificaciones. El requisito m\u00e1s importante es tener la voluntad de acoger las directrices del Manual de Parques\u201d, agreg\u00f3.<br \/>\nEl mandatario local tambi\u00e9n mencion\u00f3 que en los pr\u00f3ximos d\u00edas se firmar\u00e1n convenios con otras entidades que se han sumado al prop\u00f3sito de hacer una Cartagena sostenible.<br \/>\nPor su parte, la gerente de Espacio P\u00fablico, Nathalia Echeverry, mencion\u00f3 que el convenio incluye mantenimiento y mejoramiento de los mismos. \u00abLos 29 parques y zonas verdes entran desde la firma de este convenci\u00f3 en vigencia. Estaremos desde esta cartera velando por el mantenimiento y cumplimiento para el goce y disfrute de las comunidades\u00bb, precis\u00f3.<\/p>\n<p>Lista de Parques a intervenir<br \/>\nAguas de Cartagena<br \/>\nZonas Verdes<br \/>\n1- Casa del Ni\u00f1o (Alcibia)<br \/>\n2- Filtro Lo Amador (Lo Amador)<br \/>\n3- Don Ma\u00f1e (Av. Pedro de Heredia)<br \/>\n4- Virgen del Carmen (Blas de Lezo)<br \/>\n5- Glorieta Santander (Av. Santander)<br \/>\n6- Bomba El Amparo (Av. Pedro de Heredia)<br \/>\n7- Glorieta San Felipe (Av. Pedro de Heredia)<br \/>\n8- Separador Avenida San Mart\u00edn (Bocagrande)<br \/>\n9- Rotonda de Chambac\u00fa (Chambac\u00fa)<br \/>\n10- Filtro San Francisco<br \/>\n11- Bajo Puente de Crespo (Crespo)<br \/>\n12- Plaza Joe Arroyo (La Matuna)<br \/>\n13- Plaza Benkos Bioh\u00f3 (La Matuna)<br \/>\n14- Puente Rom\u00e1n (Manga)<br \/>\n15- Frente a Villa Venecia (Manga)<br \/>\n16- Tri\u00e1ngulo de Transcaribe (Pie de la Popa)<br \/>\n17- San Pedro (San Pedro)<br \/>\n18- Villa Campestre (Las Palmeras)<br \/>\n19- Villa Estrella (Villa Estrella)<\/p>\n<p>PARQUES<br \/>\n20- La Caracucha (Bocagrande)<br \/>\n21- Paseo El Pescador (Bocagrande)<br \/>\n22- La Mariamulata (Bocagrande)<br \/>\n23- El Bosque (El Bosque)<br \/>\n24- El Cangrejo Az\u00fal (Crespo)<br \/>\n25- Lineal de Crespo (Crespo)<br \/>\n26- Las Am\u00e9ricas (Crespo)<br \/>\n27- El Prado (El Prado)<br \/>\n28- Los Enamorados (Puerto Duro)<\/p>\n<p>29- PharmaSer adoptar\u00e1<br \/>\nParque de Santa M\u00f3nica<br \/>\nComunicado 465<\/p>\n","protected":false},"excerpt":{"rendered":"<p>Comprometido con la sostenibilidad ambiental y el cuidado de las zonas verdes de la ciudad, el alcalde, Pedrito Pereira Caballero, firm\u00f3 en la tarde de hoy un convenio de adopci\u00f3n de parques y zonas verdes con Aguas de Cartagena, entidad que adoptar\u00e1 28 parques y PharmaSer, empresa que estar\u00e1 a cargo del parque de Santa M\u00f3nica. \u00abEste logro fue posible gracias a la reactivaci\u00f3n del Comit\u00e9 de Parques y Zonas Verdes del Distrito. La satisfacci\u00f3n es poder ver ni\u00f1os y familias compartiendo en estos lugares\u00bb, indic\u00f3 Pedrito Pereira Caballero. El&#8230; <\/p>\n","protected":false},"author":3,"featured_media":30826,"comment_status":"open","ping_status":"closed","sticky":false,"template":"","format":"standard","meta":{"footnotes":"","_links_to":"","_links_to_target":""},"categories":[75,32],"tags":[],"class_list":["post-30825","post","type-post","status-publish","format-standard","has-post-thumbnail","hentry","category-destacada","category-actualidad-distrito"],"_links":{"self":[{"href":"https:\/\/revistazetta.com\/index.php?rest_route=\/wp\/v2\/posts\/30825","targetHints":{"allow":["GET"]}}],"collection":[{"href":"https:\/\/revistazetta.com\/index.php?rest_route=\/wp\/v2\/posts"}],"about":[{"href":"https:\/\/revistazetta.com\/index.php?rest_route=\/wp\/v2\/types\/post"}],"author":[{"embeddable":true,"href":"https:\/\/revistazetta.com\/index.php?rest_route=\/wp\/v2\/users\/3"}],"replies":[{"embeddable":true,"href":"https:\/\/revistazetta.com\/index.php?rest_route=%2Fwp%2Fv2%2Fcomments&post=30825"}],"version-history":[{"count":0,"href":"https:\/\/revistazetta.com\/index.php?rest_route=\/wp\/v2\/posts\/30825\/revisions"}],"wp:featuredmedia":[{"embeddable":true,"href":"https:\/\/revistazetta.com\/index.php?rest_route=\/wp\/v2\/media\/30826"}],"wp:attachment":[{"href":"https:\/\/revistazetta.com\/index.php?rest_route=%2Fwp%2Fv2%2Fmedia&parent=30825"}],"wp:term":[{"taxonomy":"category","embeddable":true,"href":"https:\/\/revistazetta.com\/index.php?rest_route=%2Fwp%2Fv2%2Fcategories&post=30825"},{"taxonomy":"post_tag","embeddable":true,"href":"https:\/\/revistazetta.com\/index.php?rest_route=%2Fwp%2Fv2%2Ftags&post=30825"}],"curies":[{"name":"wp","href":"https:\/\/api.w.org\/{rel}","templated":true}]}}