{"id":30827,"date":"2019-07-11T09:04:43","date_gmt":"2019-07-11T14:04:43","guid":{"rendered":"http:\/\/www.revistazetta.com\/?p=30827"},"modified":"2019-07-11T09:05:01","modified_gmt":"2019-07-11T14:05:01","slug":"restablecido-institucionalidad-confianza-alcalde-pedrito-pereira","status":"publish","type":"post","link":"https:\/\/revistazetta.com\/?p=30827","title":{"rendered":"Hemos restablecido institucionalidad y confianza: Alcalde Pedrito Pereira"},"content":{"rendered":"<p>Durante la jornada de transparencia y fortalecimiento institucional, que se realiz\u00f3 en la ma\u00f1ana de hoy en el teatro Adolfo Mej\u00eda, el alcalde de Cartagena, Pedrito Pereira Caballero, hizo un llamado a un ejercicio p\u00fablico con calidad, transparencia y compromiso por la ciudadan\u00eda.<br \/>\n\u00abLos funcionarios no deben escatimar esfuerzos para lograr el bienestar de las personas a quienes se debe servir. El ejercicio de la funci\u00f3n p\u00fablica demanda formaci\u00f3n y capacitaci\u00f3n constante. Estas herramientas no son suficientes si no van acompa\u00f1adas de transparencia, un componente esencial para la funci\u00f3n p\u00fablica\u201d, indic\u00f3 Pedrito Pereira.<br \/>\nEl mandatario local tambi\u00e9n mencion\u00f3 durante su intervenci\u00f3n que Cartagena ha sido una de las ciudades del pa\u00eds con mayores afectaciones en la transparencia de sus procesos administrativos. \u201cEn atenci\u00f3n a ese clamor hemos logrado, en escasos 10 meses, hacer un viraje, restableciendo la institucionalidad y la confianza en la administraci\u00f3n con resultados palpables en gesti\u00f3n y ejecuciones\u201d, precis\u00f3.<br \/>\nPor ello, el Alcalde hizo \u00e9nfasis que esta jornada convocada por la Secretar\u00eda de la Transparencia y La Consejer\u00eda Presidencial para las Regiones tiene especial significaci\u00f3n porque abre espacios de di\u00e1logo en pro de la lucha contra la corrupci\u00f3n.<br \/>\n\u201cEstos son los temas en que la ciudadan\u00eda tiene centrada sus expectativas con el deseo y la exigencia que todos los funcionarios encuentren en ellos, como deber\u00eda ser, la esencia del servir p\u00fablico\u201d, precis\u00f3 Pereira Caballero.<br \/>\nTambi\u00e9n mencion\u00f3 que la mayor\u00eda de los funcionarios de la alcald\u00eda saben que se deben al pueblo, y es a ellos a quienes finalmente debemos servir. \u201cSon ellos los que pagan nuestros salario con sus impuestos, y debemos defender y garantizar que no todo est\u00e1 perdido\u201d, puntualiz\u00f3.<\/p>\n<p>&nbsp;<\/p>\n","protected":false},"excerpt":{"rendered":"<p>Durante la jornada de transparencia y fortalecimiento institucional, que se realiz\u00f3 en la ma\u00f1ana de hoy en el teatro Adolfo Mej\u00eda, el alcalde de Cartagena, Pedrito Pereira Caballero, hizo un llamado a un ejercicio p\u00fablico con calidad, transparencia y compromiso por la ciudadan\u00eda. \u00abLos funcionarios no deben escatimar esfuerzos para lograr el bienestar de las personas a quienes se debe servir. El ejercicio de la funci\u00f3n p\u00fablica demanda formaci\u00f3n y capacitaci\u00f3n constante. Estas herramientas no son suficientes si no van acompa\u00f1adas de transparencia, un componente esencial para la funci\u00f3n p\u00fablica\u201d,&#8230; <\/p>\n","protected":false},"author":3,"featured_media":30828,"comment_status":"open","ping_status":"closed","sticky":false,"template":"","format":"standard","meta":{"footnotes":"","_links_to":"","_links_to_target":""},"categories":[75,32],"tags":[],"class_list":["post-30827","post","type-post","status-publish","format-standard","has-post-thumbnail","hentry","category-destacada","category-actualidad-distrito"],"_links":{"self":[{"href":"https:\/\/revistazetta.com\/index.php?rest_route=\/wp\/v2\/posts\/30827","targetHints":{"allow":["GET"]}}],"collection":[{"href":"https:\/\/revistazetta.com\/index.php?rest_route=\/wp\/v2\/posts"}],"about":[{"href":"https:\/\/revistazetta.com\/index.php?rest_route=\/wp\/v2\/types\/post"}],"author":[{"embeddable":true,"href":"https:\/\/revistazetta.com\/index.php?rest_route=\/wp\/v2\/users\/3"}],"replies":[{"embeddable":true,"href":"https:\/\/revistazetta.com\/index.php?rest_route=%2Fwp%2Fv2%2Fcomments&post=30827"}],"version-history":[{"count":0,"href":"https:\/\/revistazetta.com\/index.php?rest_route=\/wp\/v2\/posts\/30827\/revisions"}],"wp:featuredmedia":[{"embeddable":true,"href":"https:\/\/revistazetta.com\/index.php?rest_route=\/wp\/v2\/media\/30828"}],"wp:attachment":[{"href":"https:\/\/revistazetta.com\/index.php?rest_route=%2Fwp%2Fv2%2Fmedia&parent=30827"}],"wp:term":[{"taxonomy":"category","embeddable":true,"href":"https:\/\/revistazetta.com\/index.php?rest_route=%2Fwp%2Fv2%2Fcategories&post=30827"},{"taxonomy":"post_tag","embeddable":true,"href":"https:\/\/revistazetta.com\/index.php?rest_route=%2Fwp%2Fv2%2Ftags&post=30827"}],"curies":[{"name":"wp","href":"https:\/\/api.w.org\/{rel}","templated":true}]}}