{"id":30833,"date":"2019-07-12T08:09:56","date_gmt":"2019-07-12T13:09:56","guid":{"rendered":"http:\/\/www.revistazetta.com\/?p=30833"},"modified":"2019-07-12T08:09:56","modified_gmt":"2019-07-12T13:09:56","slug":"la-boquilla-nueva-jornada-unidos-somos-utiles","status":"publish","type":"post","link":"https:\/\/revistazetta.com\/?p=30833","title":{"rendered":"En La Boquilla, nueva jornada de \u00abUnidos Somos \u00datiles\u00bb"},"content":{"rendered":"<p><img loading=\"lazy\" decoding=\"async\" class=\"size-medium wp-image-30835 alignright\" src=\"https:\/\/www.revistazetta.com\/wp-content\/uploads\/2019\/07\/PHOTO-2019-07-11-17-33-17-300x200.jpg\" alt=\"\" width=\"300\" height=\"200\" srcset=\"https:\/\/revistazetta.com\/wp-content\/uploads\/2019\/07\/PHOTO-2019-07-11-17-33-17-300x200.jpg 300w, https:\/\/revistazetta.com\/wp-content\/uploads\/2019\/07\/PHOTO-2019-07-11-17-33-17-1024x682.jpg 1024w, https:\/\/revistazetta.com\/wp-content\/uploads\/2019\/07\/PHOTO-2019-07-11-17-33-17-219x146.jpg 219w, https:\/\/revistazetta.com\/wp-content\/uploads\/2019\/07\/PHOTO-2019-07-11-17-33-17-50x33.jpg 50w, https:\/\/revistazetta.com\/wp-content\/uploads\/2019\/07\/PHOTO-2019-07-11-17-33-17-113x75.jpg 113w, https:\/\/revistazetta.com\/wp-content\/uploads\/2019\/07\/PHOTO-2019-07-11-17-33-17.jpg 1280w\" sizes=\"auto, (max-width: 300px) 100vw, 300px\" \/>Contin\u00faa la campa\u00f1a \u201cUnidos Somos \u00datiles para los Ni\u00f1os de Cartagena\u201d liderada por la Gestora Social, Eliana Bustillo.<br \/>\nCon una nueva jornada l\u00fadica la esposa del Alcalde entreg\u00f3 50 kits escolares a ni\u00f1os y ni\u00f1as del corregimiento de La Boquilla.<br \/>\nLos \u00fatiles escolares fueron donados por el Banco BBVA, entidad bancaria que se sum\u00f3 a esta iniciativa del Gobierno Distrital de dotar de herramientas de estudio a los ni\u00f1os y ni\u00f1as de Cartagena para que por ning\u00fan motivo dejen de asistir a las aulas y tengan todos los implementos necesarios para su estudio durante el a\u00f1o.<br \/>\nLa gestora Social del Distrito, Eliana Bustillo, se\u00f1al\u00f3 que la campa\u00f1a se desarrollar\u00e1 todo el a\u00f1o, ya que los menores todo el tiempo est\u00e1n necesitando herramientas y \u00fatiles para el colegio.<br \/>\nLa esposa del Alcalde particip\u00f3 de rondas infantiles y juegos tradicionales, contagiando de alegr\u00eda y entusiasmo a los menores. \u201cLes trajimos estos kits escolares para que vayan al colegio con todo lo que necesitan y no les haga falta nada, me encanta estar aqu\u00ed compartiendo con ustedes y el equipo de la Instituci\u00f3n Educativa Skinner. Estoy agradecida por este recibimiento\u201d, dijo la gestora Social, Eliana Bustillo, al tiempo que invit\u00f3 a los ni\u00f1os y j\u00f3venes a estudiar y ganar el a\u00f1o para que tengan un buen futuro.<br \/>\n\u201cQue Dios los guarde y los cuide para que sean alguien en la vida, desde el Distrito seguiremos apoy\u00e1ndolos en lo que necesitan para salir adelante\u201d, dijo.<br \/>\nSara Taboada, representante del Banco BBVA, destac\u00f3 la labor realizada con los menores de edad de la ciudad para estimular su asistencia al colegio. \u201cDesde el Banco BBVA visitamos instituciones educativas llevando alegr\u00eda y aportando un granito de arena para la educaci\u00f3n, que tengan todos sus \u00fatiles y utilicen para ir al colegio y no les falte nada, estamos contentos de traerles esta gran ayuda a ustedes que son el futuro del pa\u00eds, ded\u00edquense a estudiar salgan adelante y sean el orgullo de su ciudad\u201d.<\/p>\n","protected":false},"excerpt":{"rendered":"<p>Contin\u00faa la campa\u00f1a \u201cUnidos Somos \u00datiles para los Ni\u00f1os de Cartagena\u201d liderada por la Gestora Social, Eliana Bustillo. Con una nueva jornada l\u00fadica la esposa del Alcalde entreg\u00f3 50 kits escolares a ni\u00f1os y ni\u00f1as del corregimiento de La Boquilla. Los \u00fatiles escolares fueron donados por el Banco BBVA, entidad bancaria que se sum\u00f3 a esta iniciativa del Gobierno Distrital de dotar de herramientas de estudio a los ni\u00f1os y ni\u00f1as de Cartagena para que por ning\u00fan motivo dejen de asistir a las aulas y tengan todos los implementos necesarios&#8230; <\/p>\n","protected":false},"author":3,"featured_media":30834,"comment_status":"open","ping_status":"closed","sticky":false,"template":"","format":"standard","meta":{"footnotes":"","_links_to":"","_links_to_target":""},"categories":[75],"tags":[],"class_list":["post-30833","post","type-post","status-publish","format-standard","has-post-thumbnail","hentry","category-destacada"],"_links":{"self":[{"href":"https:\/\/revistazetta.com\/index.php?rest_route=\/wp\/v2\/posts\/30833","targetHints":{"allow":["GET"]}}],"collection":[{"href":"https:\/\/revistazetta.com\/index.php?rest_route=\/wp\/v2\/posts"}],"about":[{"href":"https:\/\/revistazetta.com\/index.php?rest_route=\/wp\/v2\/types\/post"}],"author":[{"embeddable":true,"href":"https:\/\/revistazetta.com\/index.php?rest_route=\/wp\/v2\/users\/3"}],"replies":[{"embeddable":true,"href":"https:\/\/revistazetta.com\/index.php?rest_route=%2Fwp%2Fv2%2Fcomments&post=30833"}],"version-history":[{"count":0,"href":"https:\/\/revistazetta.com\/index.php?rest_route=\/wp\/v2\/posts\/30833\/revisions"}],"wp:featuredmedia":[{"embeddable":true,"href":"https:\/\/revistazetta.com\/index.php?rest_route=\/wp\/v2\/media\/30834"}],"wp:attachment":[{"href":"https:\/\/revistazetta.com\/index.php?rest_route=%2Fwp%2Fv2%2Fmedia&parent=30833"}],"wp:term":[{"taxonomy":"category","embeddable":true,"href":"https:\/\/revistazetta.com\/index.php?rest_route=%2Fwp%2Fv2%2Fcategories&post=30833"},{"taxonomy":"post_tag","embeddable":true,"href":"https:\/\/revistazetta.com\/index.php?rest_route=%2Fwp%2Fv2%2Ftags&post=30833"}],"curies":[{"name":"wp","href":"https:\/\/api.w.org\/{rel}","templated":true}]}}