{"id":30841,"date":"2019-07-13T13:59:21","date_gmt":"2019-07-13T18:59:21","guid":{"rendered":"http:\/\/www.revistazetta.com\/?p=30841"},"modified":"2019-07-13T13:59:21","modified_gmt":"2019-07-13T18:59:21","slug":"dane-queda-compromiso-actualizar-censo","status":"publish","type":"post","link":"https:\/\/revistazetta.com\/?p=30841","title":{"rendered":"DANE queda con el compromiso de actualizar Censo"},"content":{"rendered":"<p>Con el objetivo de analizar el marco censal para el distrito de Cartagena, la direcci\u00f3n del Departamento Administrativo Nacional de Estad\u00edstica DANE, atendi\u00f3 el llamado de las autoridades civiles de Cartagena y Bol\u00edvar en lo que respecta a los resultados que arroj\u00f3 el \u00faltimo censo nacional de poblaci\u00f3n y vivienda efectuado en el 2018.<\/p>\n<p>El primer mandatario de los bolivarenses expres\u00f3 su satisfacci\u00f3n por la atenci\u00f3n del llamado a la direcci\u00f3n del DANE y recalc\u00f3 su agradecimiento por el trabajo que va a realizar la entidad relacionada a los m\u00e1s de 4 millones de personas omitidas a nivel nacional para saber cu\u00e1ntas de estas pertenecen a Bol\u00edvar y Cartagena.<\/p>\n<p>\u201cAntes del 30 de septiembre se tendr\u00e1 un nuevo dato poblacional y de vivienda para el distrito de Cartagena y para el departamento de Bol\u00edvar. Esta cifra tendr\u00e1 mayor relaci\u00f3n a la realidad teniendo en cuenta la poblaci\u00f3n registrada en el r\u00e9gimen de salud que es de 1.075.127. En esta convocatoria se han suministrado soportes que ayudar\u00e1n sin duda alguna a que el nuevo dato estad\u00edstico tenga mayor certeza\u201d, acentu\u00f3 el l\u00edder del \u2018Bol\u00edvar S\u00ed Avanza\u2019<\/p>\n<p>Por su parte ,Juan Daniel Oviedo, director de la entidad declar\u00f3 en su intervenci\u00f3n que acepta que se presentaron dificultades para la operaci\u00f3n estad\u00edstica del censo pero que la cifra de 887.946 mil habitantes puede obedecer al elevado precio del suelo en Cartagena y que gran cantidad de personas y familias han trasladado su lugar de residencia en poblaciones cercanas a la ciudad como por ejemplo en el municipio de Turbaco donde el porcentaje poblacional creci\u00f3 un 55% seg\u00fan la informaci\u00f3n presentada.<\/p>\n<p>\u201cVamos a continuar trabajando para entregar los nuevos resultados para Cartagena y Bol\u00edvar. Toda vez, que por causas de seguridad, circunstancias econ\u00f3micas y coyunturales ciertas zonas del distrito no se pudieron registrar. No hay censo perfecto\u201d, resalt\u00f3 el funcionario nacional<\/p>\n<p>La informaci\u00f3n que entregar\u00e1 el DANE ser\u00e1 antes del 30 de septiembre de la presente anualidad.<\/p>\n<p>La reuni\u00f3n se efectu\u00f3 en la sede de la Alcald\u00eda Distrital de Cartagena.<\/p>\n","protected":false},"excerpt":{"rendered":"<p>Con el objetivo de analizar el marco censal para el distrito de Cartagena, la direcci\u00f3n del Departamento Administrativo Nacional de Estad\u00edstica DANE, atendi\u00f3 el llamado de las autoridades civiles de Cartagena y Bol\u00edvar en lo que respecta a los resultados que arroj\u00f3 el \u00faltimo censo nacional de poblaci\u00f3n y vivienda efectuado en el 2018. El primer mandatario de los bolivarenses expres\u00f3 su satisfacci\u00f3n por la atenci\u00f3n del llamado a la direcci\u00f3n del DANE y recalc\u00f3 su agradecimiento por el trabajo que va a realizar la entidad relacionada a los m\u00e1s&#8230; <\/p>\n","protected":false},"author":3,"featured_media":30842,"comment_status":"open","ping_status":"closed","sticky":false,"template":"","format":"standard","meta":{"footnotes":"","_links_to":"","_links_to_target":""},"categories":[75,2],"tags":[],"class_list":["post-30841","post","type-post","status-publish","format-standard","has-post-thumbnail","hentry","category-destacada","category-actualidad"],"_links":{"self":[{"href":"https:\/\/revistazetta.com\/index.php?rest_route=\/wp\/v2\/posts\/30841","targetHints":{"allow":["GET"]}}],"collection":[{"href":"https:\/\/revistazetta.com\/index.php?rest_route=\/wp\/v2\/posts"}],"about":[{"href":"https:\/\/revistazetta.com\/index.php?rest_route=\/wp\/v2\/types\/post"}],"author":[{"embeddable":true,"href":"https:\/\/revistazetta.com\/index.php?rest_route=\/wp\/v2\/users\/3"}],"replies":[{"embeddable":true,"href":"https:\/\/revistazetta.com\/index.php?rest_route=%2Fwp%2Fv2%2Fcomments&post=30841"}],"version-history":[{"count":0,"href":"https:\/\/revistazetta.com\/index.php?rest_route=\/wp\/v2\/posts\/30841\/revisions"}],"wp:featuredmedia":[{"embeddable":true,"href":"https:\/\/revistazetta.com\/index.php?rest_route=\/wp\/v2\/media\/30842"}],"wp:attachment":[{"href":"https:\/\/revistazetta.com\/index.php?rest_route=%2Fwp%2Fv2%2Fmedia&parent=30841"}],"wp:term":[{"taxonomy":"category","embeddable":true,"href":"https:\/\/revistazetta.com\/index.php?rest_route=%2Fwp%2Fv2%2Fcategories&post=30841"},{"taxonomy":"post_tag","embeddable":true,"href":"https:\/\/revistazetta.com\/index.php?rest_route=%2Fwp%2Fv2%2Ftags&post=30841"}],"curies":[{"name":"wp","href":"https:\/\/api.w.org\/{rel}","templated":true}]}}