{"id":30843,"date":"2019-07-13T14:32:34","date_gmt":"2019-07-13T19:32:34","guid":{"rendered":"http:\/\/www.revistazetta.com\/?p=30843"},"modified":"2019-07-13T14:32:34","modified_gmt":"2019-07-13T19:32:34","slug":"socorro-tendra-nuevo-parque-artistico-cultural-las-artes","status":"publish","type":"post","link":"https:\/\/revistazetta.com\/?p=30843","title":{"rendered":"El Socorro tendr\u00e1 un nuevo parque art\u00edstico y cultural para las artes"},"content":{"rendered":"<p>El tradicional barrio Socorro tendr\u00e1 un nuevo espacio cultural gracias a la gesti\u00f3n realizada por la Alcald\u00eda de Cartagena a trav\u00e9s del Instituto de Patrimonio y Cultura de Cartagena (IPCC). Se trata del Parque Art\u00edstico y Cultural El Socorro que dinamizar\u00e1 el uso de las artes esc\u00e9nicas en la localidad tres.<\/p>\n<p>Inspirado en el Teatro Griego, este parque se construir\u00e1 sobre un \u00e1rea superior\u00a0 a los 800 metros cuadrados que corresponde a la propuesta del Consejo Distrital de Cultura de crear 21 escenarios para las artes esc\u00e9nicas en Cartagena.<\/p>\n<p>\u201cEste ser\u00e1 un espacio para la comunidad del barrio El Socorro. Desde IPCC seguiremos fomentando la descentralizaci\u00f3n de la oferta cultural a trav\u00e9s de la construcci\u00f3n\u00a0 de escenarios para el aprovechamiento del arte como eje de transformaci\u00f3n social\u201d, afirm\u00f3 el director del IPCC, Iv\u00e1n Sanes.<\/p>\n<p>El proyecto ser\u00e1 realizado con recursos producto de la contribuci\u00f3n parafiscal de Ley de Espect\u00e1culos P\u00fablicos de las Artes Esc\u00e9nicas, el cual es recaudado con\u00a0 el 10% de la boleter\u00eda de los espect\u00e1culos p\u00fablicos que se realizan en la ciudad y que tienen destinaci\u00f3n espec\u00edfica; estos recursos deben ser ejecutados en esta vigencia sino deben ser devueltos al Ministerio de Cultura.<\/p>\n<p>Cabe aclarar, que este proyecto fue aprobado por el Comit\u00e9\u00a0 Distrital de Contribuci\u00f3n Parafiscal de Espect\u00e1culos P\u00fablicos que est\u00e1\u00a0 conformado Secretar\u00eda de Planeaci\u00f3n, Secretar\u00eda de Hacienda, Secretar\u00eda del Interior, Secretar\u00eda de Infraestructura, representantes del Consejo Distrital de Cultura. Una vez surtido este paso, se expidi\u00f3 la respectiva licencia por la autoridad competente y fue registrado ante Ministerio de Cultura en la plataforma PULEP.<\/p>\n<p>\u201cEl Consejo Distrital de Cultura de Cartagena y el Comit\u00e9 Distrital Parafiscal apoyan la construcci\u00f3n del parque en El Socorro. Creemos que con este espacio se potencializar\u00e1 la actividad cultural de la localidad y los artistas tendr\u00e1n un lugar digno y amplio para trabajar\u201c, refiri\u00f3 Eliecer Paternina, consejero por las ONGs en el Consejo Distrital de Cultura.<\/p>\n<p>Este proyecto contar\u00e1 con la veedur\u00eda de la comunidad cultural de la zona. Se estima que est\u00e9 terminado en el mes de diciembre de 2019.<\/p>\n<p><strong>Recuperado espacio donde se construir\u00e1 el Teatrino<\/strong><\/p>\n<p>Gracias a la gesti\u00f3n interinstitucional de la Alcald\u00eda de Cartagena, se logr\u00f3 la recuperaci\u00f3n de un predio de uso p\u00fablico mal utilizado por terceros donde se construir\u00e1 este importante centro cultural.<\/p>\n<p>En la jornada de m\u00e1s de 12 horas particip\u00f3 la alcaldesa de la localidad 3, Patricia Zapata, Director de IPCC, Ivan Sanes, Director del EPA, Alvaro Vargas, Gerente de Espacio P\u00fablico, Natalia Echeverri, Personer\u00eda, Brigadier General Henry Sanabria, director del DATT, Edilberto Mendoza.<\/p>\n<p>La consigna del distrito consisti\u00f3 en finalizar la misi\u00f3n con la maquinaria necesaria. El apoyo de la comunidad fue esencial para poder desarrollar la recuperaci\u00f3n del espacio p\u00fablico.<\/p>\n<p><strong>Los frutos de la Ley de Espect\u00e1culos P\u00fablicos en Cartagena<\/strong><\/p>\n<p>Luego de ocho a\u00f1os que fuese puesta en marcha esta ley, Cartagena ha logrado mantener y rehabilitar importantes escenarios para las artes. Gracias a estos recursos el Teatro Adolfo Mej\u00eda, joya arquitect\u00f3nica de Colombia, y la\u00a0 \u201cSala Museo de T\u00edteres de Cartagena\u201d, un espacio ubicado en el barrio Los Almendros, son hoy espacios dignos para el fomento del arte y la cultura cartagenera.<\/p>\n","protected":false},"excerpt":{"rendered":"<p>El tradicional barrio Socorro tendr\u00e1 un nuevo espacio cultural gracias a la gesti\u00f3n realizada por la Alcald\u00eda de Cartagena a trav\u00e9s del Instituto de Patrimonio y Cultura de Cartagena (IPCC). Se trata del Parque Art\u00edstico y Cultural El Socorro que dinamizar\u00e1 el uso de las artes esc\u00e9nicas en la localidad tres. Inspirado en el Teatro Griego, este parque se construir\u00e1 sobre un \u00e1rea superior\u00a0 a los 800 metros cuadrados que corresponde a la propuesta del Consejo Distrital de Cultura de crear 21 escenarios para las artes esc\u00e9nicas en Cartagena. \u201cEste&#8230; <\/p>\n","protected":false},"author":3,"featured_media":30844,"comment_status":"open","ping_status":"closed","sticky":false,"template":"","format":"standard","meta":{"footnotes":"","_links_to":"","_links_to_target":""},"categories":[75,41],"tags":[],"class_list":["post-30843","post","type-post","status-publish","format-standard","has-post-thumbnail","hentry","category-destacada","category-cultura"],"_links":{"self":[{"href":"https:\/\/revistazetta.com\/index.php?rest_route=\/wp\/v2\/posts\/30843","targetHints":{"allow":["GET"]}}],"collection":[{"href":"https:\/\/revistazetta.com\/index.php?rest_route=\/wp\/v2\/posts"}],"about":[{"href":"https:\/\/revistazetta.com\/index.php?rest_route=\/wp\/v2\/types\/post"}],"author":[{"embeddable":true,"href":"https:\/\/revistazetta.com\/index.php?rest_route=\/wp\/v2\/users\/3"}],"replies":[{"embeddable":true,"href":"https:\/\/revistazetta.com\/index.php?rest_route=%2Fwp%2Fv2%2Fcomments&post=30843"}],"version-history":[{"count":0,"href":"https:\/\/revistazetta.com\/index.php?rest_route=\/wp\/v2\/posts\/30843\/revisions"}],"wp:featuredmedia":[{"embeddable":true,"href":"https:\/\/revistazetta.com\/index.php?rest_route=\/wp\/v2\/media\/30844"}],"wp:attachment":[{"href":"https:\/\/revistazetta.com\/index.php?rest_route=%2Fwp%2Fv2%2Fmedia&parent=30843"}],"wp:term":[{"taxonomy":"category","embeddable":true,"href":"https:\/\/revistazetta.com\/index.php?rest_route=%2Fwp%2Fv2%2Fcategories&post=30843"},{"taxonomy":"post_tag","embeddable":true,"href":"https:\/\/revistazetta.com\/index.php?rest_route=%2Fwp%2Fv2%2Ftags&post=30843"}],"curies":[{"name":"wp","href":"https:\/\/api.w.org\/{rel}","templated":true}]}}