{"id":30845,"date":"2019-07-13T14:54:49","date_gmt":"2019-07-13T19:54:49","guid":{"rendered":"http:\/\/www.revistazetta.com\/?p=30845"},"modified":"2019-07-13T14:54:49","modified_gmt":"2019-07-13T19:54:49","slug":"avales-asi-alcaldias-10-municipios-bolivar","status":"publish","type":"post","link":"https:\/\/revistazetta.com\/?p=30845","title":{"rendered":"Avales de ASI para Alcald\u00edas en 10 municipios de Bol\u00edvar"},"content":{"rendered":"<p>El partido Alianza Social Independiente defini\u00f3 diez avales para candidaturas a Alcald\u00edas municipales en Bol\u00edvar, y avanza en la estructuraci\u00f3n de su lista a Asamblea Departamental y Concejo de Cartagena.<\/p>\n<p>En un comunicado expedido por los directivos Cecilia Berr\u00edo Torres y Germ\u00e1n Zapata Vergara, informaron la manera en que avanza el proceso de entrega de avales en todo el departamento; donde est\u00e1n en la etapa fina de\u00a0verificaci\u00f3n de m\u00e1s de 800 solicitudes.<\/p>\n<p>Aseguraron que sobre el Concejo de Cartagena \u00abgarantizamos avalar una lista incluyente, sin reparos de clases sociales ni pol\u00edticas, donde el compromiso asumido con el partido sea el mismo que se refleje en los actos de los candidatos, que sean para beneficio de todos y de paso permita recuperar la imagen de un Concejo desdibujado donde todos tenemos algo de responsabilidad\u00bb.<\/p>\n<p>Esos son los diez avales hasta el momento definidos para Alcald\u00edas municipales:<\/p>\n<p><b>Arjona:<\/b>\u00a0\u00d3scar Guardo Gonz\u00e1lez<\/p>\n<p><b>Turbana:<\/b>\u00a0Adalberto Gonz\u00e1lez Meza<\/p>\n<p><b>San Juan Nepomuceno:<\/b>\u00a0Wilfrido Romero Vergara<\/p>\n<p><b>San Jacinto:<\/b>\u00a0Jorge Castellar Schmith<\/p>\n<p><b>Morales:<\/b>\u00a0Lener Delgado Polanco<\/p>\n<p><b>Noros\u00ed:<\/b>\u00a0Garibaldy Arteaga G\u00f3mez<\/p>\n<p><b>Ach\u00ed:<\/b>\u00a0Elder Boh\u00f3rquez Villarreal<\/p>\n<p><b>Calamar:<\/b>\u00a0Jorge Ortiz Granados<\/p>\n<p><b>Mompos:\u00a0<\/b>Guillermo Santos Anaya<\/p>\n<p><b>San Mart\u00edn De Loba:<\/b>\u00a0Roger Arzuza Torres<span class=\"Apple-converted-space\">\u00a0<\/span><\/p>\n<p>Todos y cada uno de los candidatos deben tener los requisitos sin excepci\u00f3n, pasar los respectivos filtros que incluye antecedentes disciplinarios de polic\u00eda, procuradur\u00eda, contralor\u00eda y un complejo esc\u00e1ner a sus c\u00e9dulas al pasar por ventanilla \u00fanica del Ministerio del Interior, sumado a los compromisos institucionales que deben ser le\u00eddos y firmados antes de aceptar ser candidatos del partido.<span class=\"Apple-converted-space\">\u00a0<\/span><\/p>\n<p>En materia de Asamblea Departamental, ASI contempla una posible coalici\u00f3n acorde a los lineamientos del partido, requisitos de ley o la posibilidad de llevar lista propia donde seguimos analizando candidatos que quieran y cumplan con los requerimientos.<\/p>\n<p>&nbsp;<\/p>\n","protected":false},"excerpt":{"rendered":"<p>El partido Alianza Social Independiente defini\u00f3 diez avales para candidaturas a Alcald\u00edas municipales en Bol\u00edvar, y avanza en la estructuraci\u00f3n de su lista a Asamblea Departamental y Concejo de Cartagena. En un comunicado expedido por los directivos Cecilia Berr\u00edo Torres y Germ\u00e1n Zapata Vergara, informaron la manera en que avanza el proceso de entrega de avales en todo el departamento; donde est\u00e1n en la etapa fina de\u00a0verificaci\u00f3n de m\u00e1s de 800 solicitudes. Aseguraron que sobre el Concejo de Cartagena \u00abgarantizamos avalar una lista incluyente, sin reparos de clases sociales ni&#8230; <\/p>\n","protected":false},"author":3,"featured_media":30846,"comment_status":"open","ping_status":"closed","sticky":false,"template":"","format":"standard","meta":{"footnotes":"","_links_to":"","_links_to_target":""},"categories":[75,4],"tags":[],"class_list":["post-30845","post","type-post","status-publish","format-standard","has-post-thumbnail","hentry","category-destacada","category-politica"],"_links":{"self":[{"href":"https:\/\/revistazetta.com\/index.php?rest_route=\/wp\/v2\/posts\/30845","targetHints":{"allow":["GET"]}}],"collection":[{"href":"https:\/\/revistazetta.com\/index.php?rest_route=\/wp\/v2\/posts"}],"about":[{"href":"https:\/\/revistazetta.com\/index.php?rest_route=\/wp\/v2\/types\/post"}],"author":[{"embeddable":true,"href":"https:\/\/revistazetta.com\/index.php?rest_route=\/wp\/v2\/users\/3"}],"replies":[{"embeddable":true,"href":"https:\/\/revistazetta.com\/index.php?rest_route=%2Fwp%2Fv2%2Fcomments&post=30845"}],"version-history":[{"count":0,"href":"https:\/\/revistazetta.com\/index.php?rest_route=\/wp\/v2\/posts\/30845\/revisions"}],"wp:featuredmedia":[{"embeddable":true,"href":"https:\/\/revistazetta.com\/index.php?rest_route=\/wp\/v2\/media\/30846"}],"wp:attachment":[{"href":"https:\/\/revistazetta.com\/index.php?rest_route=%2Fwp%2Fv2%2Fmedia&parent=30845"}],"wp:term":[{"taxonomy":"category","embeddable":true,"href":"https:\/\/revistazetta.com\/index.php?rest_route=%2Fwp%2Fv2%2Fcategories&post=30845"},{"taxonomy":"post_tag","embeddable":true,"href":"https:\/\/revistazetta.com\/index.php?rest_route=%2Fwp%2Fv2%2Ftags&post=30845"}],"curies":[{"name":"wp","href":"https:\/\/api.w.org\/{rel}","templated":true}]}}