{"id":30851,"date":"2019-07-14T20:21:47","date_gmt":"2019-07-15T01:21:47","guid":{"rendered":"http:\/\/www.revistazetta.com\/?p=30851"},"modified":"2019-07-14T20:21:47","modified_gmt":"2019-07-15T01:21:47","slug":"colombia-ummmm-opinion-alvaro-royo-desde-xiamen","status":"publish","type":"post","link":"https:\/\/revistazetta.com\/?p=30851","title":{"rendered":"\u00bfEres de Colombia?\u00a0 Ummmm \u2013 Opini\u00f3n de \u00c1lvaro Royo desde Xiamen"},"content":{"rendered":"<p><strong><span style=\"color: #000080;\">Por \u00c1lvaro Royo (Especial para Revista Zetta).-<\/span> <span style=\"color: #008000;\">(Xiamen \u2013 China).- <\/span><\/strong>Se pregunta uno cu\u00e1les son los l\u00edmites de la televisi\u00f3n y de las empresas cinematogr\u00e1ficas para explotar el tema que sea, del pa\u00eds que le venga en gana, y es que por falta de esta l\u00ednea que demarque ciertos l\u00edmites ahora somos en Colombia 50 millones de narcotraficantes, traquetos y paletos.<\/p>\n<p><img loading=\"lazy\" decoding=\"async\" class=\"alignright wp-image-30854 size-full\" src=\"https:\/\/www.revistazetta.com\/wp-content\/uploads\/2019\/07\/asd.jpg\" alt=\"\" width=\"499\" height=\"282\" srcset=\"https:\/\/revistazetta.com\/wp-content\/uploads\/2019\/07\/asd.jpg 499w, https:\/\/revistazetta.com\/wp-content\/uploads\/2019\/07\/asd-300x170.jpg 300w, https:\/\/revistazetta.com\/wp-content\/uploads\/2019\/07\/asd-258x146.jpg 258w, https:\/\/revistazetta.com\/wp-content\/uploads\/2019\/07\/asd-50x28.jpg 50w, https:\/\/revistazetta.com\/wp-content\/uploads\/2019\/07\/asd-133x75.jpg 133w\" sizes=\"auto, (max-width: 499px) 100vw, 499px\" \/>Llevamos la medalla de oro hace m\u00e1s de 40 a\u00f1os que nos distingue orgullosamente como \u201clos principales productores de coca\u00edna del mundo\u201d, pero esto no quiere decir que todos produzcamos coca\u00edna en Colombia, y esto de fabricar contenidos audiovisuales sobre temas sensibles y delicados que solo buscan con su morbo exaltar el crimen y crear audiencia deber\u00eda ser como el que tala arboles legendarios, si tala uno debe sembrar doscientos, as\u00ed, si talas mil, debes sembrar doscientos mil.<\/p>\n<p>Producir una serie de televisi\u00f3n o de cine exaltando la parte negativa de un pa\u00eds debe tener sus consecuencias, porque en primer lugar se hace mezclando una cucharadita de verdad con 20 camiones de ficci\u00f3n y mentiras, creando guiones espectaculares que convierten hechos vergonzosos y delictivos en mierda comestible que te enganchan al televisor por meses, creando confusiones a un nivel s\u00faper masivo que marcaran por d\u00e9cadas a una familia a un pa\u00eds y a generaciones enteras.<\/p>\n<p>El desastre lo iniciamos nosotros mismos con el Cartel de los sapos, Las mu\u00f1ecas de la mafia y un largo etc\u00e9tera, luego vinieron los gigantes como Netflix y siguieron regando basura sobre nuestras cabezas para ponerle la fruta al pastel las diferentes pel\u00edculas con actores de primer nivel producidas en Hollywood.<\/p>\n<p>Y es que no deja de ser fastidioso en este mundo m\u00e1s globalizado y en el que te toca encontrarte no solo en los aeropuertos y las ciudades que visitas si no virtualmente con gente que no deja de mencionarte y recordarte la relaci\u00f3n del nombre del pa\u00eds Colombia con la coca\u00edna y el crimen, yo tengo m\u00e1s de 15 a\u00f1os de no prestarle atenci\u00f3n pero ya hay situaciones que te ponen los pelos de punta y te ponen a hacerte m\u00e1s de una pregunta con respecto a estos expertos en producir y esparcir excrementos sobre nosotros.<\/p>\n<p><img loading=\"lazy\" decoding=\"async\" class=\"alignright wp-image-30855 size-medium\" src=\"https:\/\/www.revistazetta.com\/wp-content\/uploads\/2019\/07\/azs-300x150.jpg\" alt=\"\" width=\"300\" height=\"150\" srcset=\"https:\/\/revistazetta.com\/wp-content\/uploads\/2019\/07\/azs-300x150.jpg 300w, https:\/\/revistazetta.com\/wp-content\/uploads\/2019\/07\/azs-1024x512.jpg 1024w, https:\/\/revistazetta.com\/wp-content\/uploads\/2019\/07\/azs-260x130.jpg 260w, https:\/\/revistazetta.com\/wp-content\/uploads\/2019\/07\/azs-50x25.jpg 50w, https:\/\/revistazetta.com\/wp-content\/uploads\/2019\/07\/azs-150x75.jpg 150w, https:\/\/revistazetta.com\/wp-content\/uploads\/2019\/07\/azs.jpg 1200w\" sizes=\"auto, (max-width: 300px) 100vw, 300px\" \/>Est\u00e1s haciendo la fila de inmigraci\u00f3n en un aeropuerto y ves que la fila va avanzando velozmente al distinguir delante de ti a japoneses, europeos o australianos, pero cuando llegas t\u00fa y entregas tu pasaporte, all\u00ed la fila se detiene y se inicia una revisi\u00f3n minuciosa y te miran varias veces porque no eres un ciudadano corriente, eres un sospechoso que viene del pa\u00eds que solo sabe matar y producir coca\u00edna.<\/p>\n<p>La tapa de la olla la tuve que pasar en la ciudad de Hong Kong hace unos d\u00edas cuando trataba de abrir mi segunda cuenta bancaria all\u00e1 y los requerimientos para los colombianos se han multiplicado en dificultad exponencialmente, pasaba de una banco a otro y cuando ya desist\u00eda por las trabas que pon\u00edan pregunt\u00e9 a un funcionario del banco que \u00bfpor qu\u00e9 es tan dif\u00edcil ahora y hace 12 a\u00f1os cuando abr\u00ed mi otra cuenta no lo era? Y me respondi\u00f3 medio en broma y medio serio, \u201cbecause there are to many narcos series about Colombians in Netflix\u201d (porque hay muchas series de colombianos narcotraficantes en Netflix).<\/p>\n<p>\u00a1Vaya pal carajo!<\/p>\n<p>Est\u00e1 bien, me voy, much\u00edsimas gracias. Es todo lo que pude decir, para qu\u00e9 ponerse uno a discutir algo que no lo podemos cambiar ni solucionar ya que se mueven millones por la coca y por las series de televisi\u00f3n sobre la coca. Eso est\u00e1 fuera de mi alcance.<\/p>\n<p>Adicionalmente ya hay bancos ac\u00e1 en China que a los ciudadanos que tienen pasaporte colombiano no les abren ni una cuenta de ahorros, no nos quieren como clientes.<\/p>\n<p>\u00bfY qu\u00e9 puedo hacer yo? Mejor me desahogo escribiendo un art\u00edculo para la Revista Zetta, dije.<\/p>\n<p>Y es que millones de personas que antes no sab\u00edan qu\u00e9 era Colombia y ni siquiera estudiaron geograf\u00eda, tienen acceso al control del televisor y all\u00ed son mal educados sobre nosotros, y esa es la verdad para ellos, no hay otra.<\/p>\n<p><img loading=\"lazy\" decoding=\"async\" class=\"alignright wp-image-30853 size-full\" src=\"https:\/\/www.revistazetta.com\/wp-content\/uploads\/2019\/07\/aax.jpeg\" alt=\"\" width=\"300\" height=\"168\" srcset=\"https:\/\/revistazetta.com\/wp-content\/uploads\/2019\/07\/aax.jpeg 300w, https:\/\/revistazetta.com\/wp-content\/uploads\/2019\/07\/aax-260x146.jpeg 260w, https:\/\/revistazetta.com\/wp-content\/uploads\/2019\/07\/aax-50x28.jpeg 50w, https:\/\/revistazetta.com\/wp-content\/uploads\/2019\/07\/aax-134x75.jpeg 134w\" sizes=\"auto, (max-width: 300px) 100vw, 300px\" \/>Todo se vale en el negocio de crear audiencia y rating, son billones de d\u00f3lares los que se mueven en esa industria, y \u00bfqui\u00e9n verifica que lo que se est\u00e1 diciendo corresponde a la realidad? La gente tiende a creer que la ficci\u00f3n est\u00e1 relacionada con viajes espaciales y galaxias lejanas, y cuando ve una serie de estas con todos los atuendos contempor\u00e1neos, nombres y la bendita frase de basada en hechos reales todo se lo imagina como verdad, cero es el n\u00famero de televidentes que van a verificar alg\u00fan dato hist\u00f3rico para saber si es carreta o es cierto, son hechos reales para ellos, y eso no se lo van a sacar de la cabeza sino hasta que el se\u00f1or los llame a recogerse.<\/p>\n<p>Nuestros nietos y tataranietos y los hijos de ellos cargar\u00e1n con esa bolsa de basura sobre sus espaldas y sufrir\u00e1n las consecuencias de estos estudios de pel\u00edculas que se enriquecieron internacionalizando y visibilizando nuestras miserias.<\/p>\n<p>Pensar\u00eda que no hay derecho y que si se me ocurriera poner un l\u00edmite a este desastre pensar\u00eda en la ley del \u00e1rbol, y es que si alguien quiere producir una serie sobre narcos o crimen sobre Colombia, entonces debe hacer 20 tambi\u00e9n de la misma calidad sobre nuestro caf\u00e9, sobre Shakira, sobre Garc\u00eda M\u00e1rquez, sobre nuestros futbolistas, sobre nuestro folklore, la lista de cosas buenas es extensa y variada.<\/p>\n<p>Y a los colombianos que viven en Colombia les sugerir\u00eda le den la espalda a todo lo que tenga que ver con el tema en televisi\u00f3n y cine mientras el gobierno hace algo para solucionar las desigualdades que hacen que producir coca\u00edna sea la \u00fanica forma de sustento.<\/p>\n<p>Consideren mis deseos como mera ficci\u00f3n<\/p>\n<p>&nbsp;<\/p>\n<p>Como siempre all\u00ed est\u00e1 mi email al pie de p\u00e1gina para los que quieran escribirme sus opiniones acerca del tema y como mucho gusto les responder\u00e9<\/p>\n<p>&nbsp;<\/p>\n<p>\u00a1Un abrazo!<\/p>\n<p>\u00c1lvaro Royo B\u00e1rcenas<\/p>\n<p>enchina@gmail.com<\/p>\n<p><a href=\"https:\/\/www.alvaroroyo.com\/\" target=\"_blank\" rel=\"noopener\">www.alvaroroyo.com<\/a><\/p>\n<p>0086-13559231344<\/p>\n<p>&nbsp;<\/p>\n","protected":false},"excerpt":{"rendered":"<p>Por \u00c1lvaro Royo (Especial para Revista Zetta).- (Xiamen \u2013 China).- Se pregunta uno cu\u00e1les son los l\u00edmites de la televisi\u00f3n y de las empresas cinematogr\u00e1ficas para explotar el tema que sea, del pa\u00eds que le venga en gana, y es que por falta de esta l\u00ednea que demarque ciertos l\u00edmites ahora somos en Colombia 50 millones de narcotraficantes, traquetos y paletos. Llevamos la medalla de oro hace m\u00e1s de 40 a\u00f1os que nos distingue orgullosamente como \u201clos principales productores de coca\u00edna del mundo\u201d, pero esto no quiere decir que todos&#8230; <\/p>\n","protected":false},"author":3,"featured_media":30852,"comment_status":"open","ping_status":"closed","sticky":false,"template":"","format":"standard","meta":{"footnotes":"","_links_to":"","_links_to_target":""},"categories":[75,44,65],"tags":[],"class_list":["post-30851","post","type-post","status-publish","format-standard","has-post-thumbnail","hentry","category-destacada","category-materiagris","category-opinion"],"_links":{"self":[{"href":"https:\/\/revistazetta.com\/index.php?rest_route=\/wp\/v2\/posts\/30851","targetHints":{"allow":["GET"]}}],"collection":[{"href":"https:\/\/revistazetta.com\/index.php?rest_route=\/wp\/v2\/posts"}],"about":[{"href":"https:\/\/revistazetta.com\/index.php?rest_route=\/wp\/v2\/types\/post"}],"author":[{"embeddable":true,"href":"https:\/\/revistazetta.com\/index.php?rest_route=\/wp\/v2\/users\/3"}],"replies":[{"embeddable":true,"href":"https:\/\/revistazetta.com\/index.php?rest_route=%2Fwp%2Fv2%2Fcomments&post=30851"}],"version-history":[{"count":0,"href":"https:\/\/revistazetta.com\/index.php?rest_route=\/wp\/v2\/posts\/30851\/revisions"}],"wp:featuredmedia":[{"embeddable":true,"href":"https:\/\/revistazetta.com\/index.php?rest_route=\/wp\/v2\/media\/30852"}],"wp:attachment":[{"href":"https:\/\/revistazetta.com\/index.php?rest_route=%2Fwp%2Fv2%2Fmedia&parent=30851"}],"wp:term":[{"taxonomy":"category","embeddable":true,"href":"https:\/\/revistazetta.com\/index.php?rest_route=%2Fwp%2Fv2%2Fcategories&post=30851"},{"taxonomy":"post_tag","embeddable":true,"href":"https:\/\/revistazetta.com\/index.php?rest_route=%2Fwp%2Fv2%2Ftags&post=30851"}],"curies":[{"name":"wp","href":"https:\/\/api.w.org\/{rel}","templated":true}]}}