{"id":30868,"date":"2019-07-15T06:42:27","date_gmt":"2019-07-15T11:42:27","guid":{"rendered":"http:\/\/www.revistazetta.com\/?p=30868"},"modified":"2019-07-15T06:43:10","modified_gmt":"2019-07-15T11:43:10","slug":"la-gente-se-canso-excluida-dice-vicente-blel-scaff","status":"publish","type":"post","link":"https:\/\/revistazetta.com\/?p=30868","title":{"rendered":"\u00abLa gente se cans\u00f3 de ser excluida\u00bb, dice Vicente Blel Scaff"},"content":{"rendered":"<p><img loading=\"lazy\" decoding=\"async\" class=\"alignnone wp-image-30870 size-large\" src=\"https:\/\/www.revistazetta.com\/wp-content\/uploads\/2019\/07\/Vic-barrios-1024x682.jpg\" alt=\"\" width=\"1024\" height=\"682\" srcset=\"https:\/\/revistazetta.com\/wp-content\/uploads\/2019\/07\/Vic-barrios-1024x682.jpg 1024w, https:\/\/revistazetta.com\/wp-content\/uploads\/2019\/07\/Vic-barrios-300x200.jpg 300w, https:\/\/revistazetta.com\/wp-content\/uploads\/2019\/07\/Vic-barrios-219x146.jpg 219w, https:\/\/revistazetta.com\/wp-content\/uploads\/2019\/07\/Vic-barrios-50x33.jpg 50w, https:\/\/revistazetta.com\/wp-content\/uploads\/2019\/07\/Vic-barrios-113x75.jpg 113w, https:\/\/revistazetta.com\/wp-content\/uploads\/2019\/07\/Vic-barrios.jpg 1280w\" sizes=\"auto, (max-width: 1024px) 100vw, 1024px\" \/>El respaldo que\u00a0a diario cientos de cartageneros le expresan al candidato a la Gobernaci\u00f3n de Bol\u00edvar, Vicente Blel Scaff, durante las multitudinarias caminatas que \u00e9ste realiza en los barrios de Cartagena, permite asegurar que el proyecto del \u00abBol\u00edvar Primero\u00bb est\u00e1 consolidado en la ciudad.<\/p>\n<p>En los recorridos vespertinos, el aspirante est\u00e1 llegando a m\u00e1s de 500 hogares cartageneros, donde primero escucha a la gente y luego socializa su\u00a0propuesta de unidad, continuidad y desarrollo para el departamento.<\/p>\n<p>En la \u00faltima semana, el candidato a gobernador de Bol\u00edvar ha visitado importantes comunidades de la localidad tres, dentro de las que se destacan: Nelson Mandela, El Nazareno, La Consolata, El Socorro, Villa Fany, El Campreste, Henequ\u00e9n, San Jos\u00e9 de Los Campanos, Ciudadela 2000, Ternera, Blas de Lezo y Los Caracoles, entre otros.<\/p>\n<p>\u00abEl sentimiento de gratitud hacia Cartagena es inmenso, el respaldo que a diario nos demuestran a donde llegamos es ejemplo de que el efecto VABS se ha apoderado de la ciudad\u00bb, anot\u00f3 entusiasmado el candidato.<\/p>\n<p>As\u00ed mismo, Vicente asegur\u00f3 que \u00abla gente se cans\u00f3 de ser excluida, y creo que ah\u00ed ha radicado el \u00e9xito de este proyecto con el que los bolivarenses se identifican, porque en el &#8216;Bol\u00edvar Primero&#8217; las personas tienen voz en la construcci\u00f3n de las bases, y de la mano ellas se efectuar\u00e1n las acciones de gobierno\u00bb.<\/p>\n<p>Vicente ya ha llegado a las comunidades de localidad Hist\u00f3rica y del Caribe Norte, y a partir de este lunes recorrer\u00e1 los barrios de la localidad dos.<\/p>\n<p>&nbsp;<\/p>\n","protected":false},"excerpt":{"rendered":"<p>El respaldo que\u00a0a diario cientos de cartageneros le expresan al candidato a la Gobernaci\u00f3n de Bol\u00edvar, Vicente Blel Scaff, durante las multitudinarias caminatas que \u00e9ste realiza en los barrios de Cartagena, permite asegurar que el proyecto del \u00abBol\u00edvar Primero\u00bb est\u00e1 consolidado en la ciudad. En los recorridos vespertinos, el aspirante est\u00e1 llegando a m\u00e1s de 500 hogares cartageneros, donde primero escucha a la gente y luego socializa su\u00a0propuesta de unidad, continuidad y desarrollo para el departamento. En la \u00faltima semana, el candidato a gobernador de Bol\u00edvar ha visitado importantes comunidades&#8230; <\/p>\n","protected":false},"author":3,"featured_media":30869,"comment_status":"open","ping_status":"closed","sticky":false,"template":"","format":"standard","meta":{"footnotes":"","_links_to":"","_links_to_target":""},"categories":[75],"tags":[],"class_list":["post-30868","post","type-post","status-publish","format-standard","has-post-thumbnail","hentry","category-destacada"],"_links":{"self":[{"href":"https:\/\/revistazetta.com\/index.php?rest_route=\/wp\/v2\/posts\/30868","targetHints":{"allow":["GET"]}}],"collection":[{"href":"https:\/\/revistazetta.com\/index.php?rest_route=\/wp\/v2\/posts"}],"about":[{"href":"https:\/\/revistazetta.com\/index.php?rest_route=\/wp\/v2\/types\/post"}],"author":[{"embeddable":true,"href":"https:\/\/revistazetta.com\/index.php?rest_route=\/wp\/v2\/users\/3"}],"replies":[{"embeddable":true,"href":"https:\/\/revistazetta.com\/index.php?rest_route=%2Fwp%2Fv2%2Fcomments&post=30868"}],"version-history":[{"count":0,"href":"https:\/\/revistazetta.com\/index.php?rest_route=\/wp\/v2\/posts\/30868\/revisions"}],"wp:featuredmedia":[{"embeddable":true,"href":"https:\/\/revistazetta.com\/index.php?rest_route=\/wp\/v2\/media\/30869"}],"wp:attachment":[{"href":"https:\/\/revistazetta.com\/index.php?rest_route=%2Fwp%2Fv2%2Fmedia&parent=30868"}],"wp:term":[{"taxonomy":"category","embeddable":true,"href":"https:\/\/revistazetta.com\/index.php?rest_route=%2Fwp%2Fv2%2Fcategories&post=30868"},{"taxonomy":"post_tag","embeddable":true,"href":"https:\/\/revistazetta.com\/index.php?rest_route=%2Fwp%2Fv2%2Ftags&post=30868"}],"curies":[{"name":"wp","href":"https:\/\/api.w.org\/{rel}","templated":true}]}}