{"id":30871,"date":"2019-07-15T07:00:00","date_gmt":"2019-07-15T12:00:00","guid":{"rendered":"http:\/\/www.revistazetta.com\/?p=30871"},"modified":"2019-07-15T07:00:00","modified_gmt":"2019-07-15T12:00:00","slug":"pavimentan-calle-la-bendicion-navidad-puerto-pescadores","status":"publish","type":"post","link":"https:\/\/revistazetta.com\/?p=30871","title":{"rendered":"Pavimentan calle de La Bendici\u00f3n en Navidad y Puerto de Pescadores"},"content":{"rendered":"<p>Con inversi\u00f3n de 460 millones de pesos, el Alcalde firm\u00f3 el acta de inicio para pavimentar 160 metros lineales de la calle La Bendici\u00f3n en Navidad y Puerto de Pescadores.<\/p>\n<p>Entre risas, c\u00e1nticos, colores y alegr\u00eda fue recibido el alcalde Pedrito Pereira Caballero por los vecinos de la calle La Bendici\u00f3n del sector Navidad y Puerto de Pescadores, de La Esperanza, cuando lleg\u00f3 con la buena noticia de la pavimentaci\u00f3n.<\/p>\n<p>\u00abMe complace llegar y sentir el agradecimiento de las personas. Navidad y Puerto de Pescadores es una comunidad conocida nacional e internacional por sus altos \u00edndices de pobreza, y. estos actos de gobierno son los que dignifican su calidad de vida\u00bb precis\u00f3 Pedrito Pereira Caballero.<\/p>\n<p>Emocionado de compartir con esta comunidad tan vulnerable, el mandatario recorri\u00f3 la calle en compa\u00f1\u00eda del secretario de Infraestructura, Edgar Mar\u00edn y el contratista de la obra verificando detalles para el inicio de obra. \u00abSer\u00e1n 160 metros lineales de pavimento con una inversi\u00f3n de 430 millones de pesos. Hay que hacer obras realidades, hoy esta calle es una realidad\u00bb, indic\u00f3 Pereira Caballero .<\/p>\n<p>Adem\u00e1s, en su visita a la calle La Bendici\u00f3n, el Alcalde anunci\u00f3 que se har\u00e1 la remodelaci\u00f3n del estadio de S\u00f3ftbol y se mejorar el problema estructural del canal\u00f3n. \u00abEsperamos que el tiempo nos permita cumplir con los compromisos que hemos adquiridos, Vamos a ponernos en la tarea de dejar implementada la soluci\u00f3n. Esta la manera de combatir la pobreza extrema de estos sectores\u00bb, recalc\u00f3.<\/p>\n<p>Por su parte, la comunidad con carteles y c\u00e1nticos de viva, le expresaron al mandatario su agradecimiento. \u00abLlevamos m\u00e1s de 15 a\u00f1os de ires y venires solicitando a las administraciones de turno nos solucionaran este problema. Gracias a la buena gesti\u00f3n del doctor Pedrito Pereira, hoy se ve una buena administraci\u00f3n en la ciudad\u00bb, expres\u00f3 Marcos Ladeu, presidente JAC Navidad y Puerto de Pescadores.<\/p>\n<p>Edgar Mar\u00edn, secretario de Infraestructura, explic\u00f3 que esta pavimentaci\u00f3n hace parte de un paquete de obras, donde est\u00e1 incluido tambi\u00e9n el puente 13 Junio. \u00bb Este contrato incluye tambi\u00e9n la pavimentaci\u00f3n en concreto r\u00edgido de 160 mts l\u00edneales que conforman la v\u00eda La Bendici\u00f3n. Las obras ser\u00e1n ejecutadas por el consorcio Box Coulvert IO, y tendr\u00e1 la misma importancia y supervision constante para el cumplimento del cronograma de trabajo\u00bb.<\/p>\n","protected":false},"excerpt":{"rendered":"<p>Con inversi\u00f3n de 460 millones de pesos, el Alcalde firm\u00f3 el acta de inicio para pavimentar 160 metros lineales de la calle La Bendici\u00f3n en Navidad y Puerto de Pescadores. Entre risas, c\u00e1nticos, colores y alegr\u00eda fue recibido el alcalde Pedrito Pereira Caballero por los vecinos de la calle La Bendici\u00f3n del sector Navidad y Puerto de Pescadores, de La Esperanza, cuando lleg\u00f3 con la buena noticia de la pavimentaci\u00f3n. \u00abMe complace llegar y sentir el agradecimiento de las personas. Navidad y Puerto de Pescadores es una comunidad conocida nacional&#8230; <\/p>\n","protected":false},"author":3,"featured_media":30872,"comment_status":"open","ping_status":"closed","sticky":false,"template":"","format":"standard","meta":{"footnotes":"","_links_to":"","_links_to_target":""},"categories":[75,32],"tags":[],"class_list":["post-30871","post","type-post","status-publish","format-standard","has-post-thumbnail","hentry","category-destacada","category-actualidad-distrito"],"_links":{"self":[{"href":"https:\/\/revistazetta.com\/index.php?rest_route=\/wp\/v2\/posts\/30871","targetHints":{"allow":["GET"]}}],"collection":[{"href":"https:\/\/revistazetta.com\/index.php?rest_route=\/wp\/v2\/posts"}],"about":[{"href":"https:\/\/revistazetta.com\/index.php?rest_route=\/wp\/v2\/types\/post"}],"author":[{"embeddable":true,"href":"https:\/\/revistazetta.com\/index.php?rest_route=\/wp\/v2\/users\/3"}],"replies":[{"embeddable":true,"href":"https:\/\/revistazetta.com\/index.php?rest_route=%2Fwp%2Fv2%2Fcomments&post=30871"}],"version-history":[{"count":0,"href":"https:\/\/revistazetta.com\/index.php?rest_route=\/wp\/v2\/posts\/30871\/revisions"}],"wp:featuredmedia":[{"embeddable":true,"href":"https:\/\/revistazetta.com\/index.php?rest_route=\/wp\/v2\/media\/30872"}],"wp:attachment":[{"href":"https:\/\/revistazetta.com\/index.php?rest_route=%2Fwp%2Fv2%2Fmedia&parent=30871"}],"wp:term":[{"taxonomy":"category","embeddable":true,"href":"https:\/\/revistazetta.com\/index.php?rest_route=%2Fwp%2Fv2%2Fcategories&post=30871"},{"taxonomy":"post_tag","embeddable":true,"href":"https:\/\/revistazetta.com\/index.php?rest_route=%2Fwp%2Fv2%2Ftags&post=30871"}],"curies":[{"name":"wp","href":"https:\/\/api.w.org\/{rel}","templated":true}]}}