{"id":30873,"date":"2019-07-15T07:05:50","date_gmt":"2019-07-15T12:05:50","guid":{"rendered":"http:\/\/www.revistazetta.com\/?p=30873"},"modified":"2019-07-15T07:05:50","modified_gmt":"2019-07-15T12:05:50","slug":"inicia-reparacion-del-puente-13-junio-las-gaviotas","status":"publish","type":"post","link":"https:\/\/revistazetta.com\/?p=30873","title":{"rendered":"Inicia reparaci\u00f3n del puente 13 de Junio- Las Gaviotas"},"content":{"rendered":"<p>Para el alcalde, Pedrito Pereira Caballero, la petici\u00f3n de la comunidad de Las Gaviotas y 13 de Junio de intervenir el puente que une ambos barrios ha sido una prioridad durante su administraci\u00f3n.<br \/>\nHoy, con la firma del acta de inicio de obra, finaliza la espera de m\u00e1s de 20 a\u00f1os de los vecinos, mejorando su comunicaci\u00f3n y garantizando la movilidad peatonal y vehicular con seguridad.<br \/>\n\u00abPara mi gobierno ha sido prioridad fortalecer la calidad de vida de los vecinos de este sector. Nos comprometimos con la comunidad y le estamos cumpliendo. Seamos optimistas. Ya la obra empez\u00f3 y es para ustedes y los cartageneros\u00bb, indic\u00f3 Pedrito Pereira Caballero.<br \/>\nAdem\u00e1s, el Alcalde recalc\u00f3 que la obra se licit\u00f3 bajo toda la transparencia y garant\u00edas de pluralidad. \u00abNos esforzamos para que todos nuestros procesos de licitaci\u00f3n sean bajo los lineamientos estipulados por la ley, no llegamos a las comunidades con procesos a medias\u00bb, dijo.<br \/>\nEl Distrito de Cartagena, a trav\u00e9s de la Secretar\u00eda de Infraestructura, invierte m\u00e1s de 1.600 millones de pesos para la construcci\u00f3n del Box Culvert que atraviesa el ca\u00f1o Ricaurte, y beneficia directamente a miles de cartageneros residentes en Las Gaviotas, 13 de Junio, El Triunfo, una parte de Los Alpes, Olaya Herrera (sector Estela), Medell\u00edn y San Antonio, entre otros.<br \/>\nLas obras ser\u00e1n ejecutadas por el consorcio Box Coulvert IO, elegido a trav\u00e9s de licitaci\u00f3n p\u00fablica y tendr\u00e1n un tiempo de 4 meses.<br \/>\nPor su parte, la comunidad recibi\u00f3 con mucho agrado la buena noticia del inicio de esta obra y las inquietudes que ten\u00edan fueron resueltas por parte del contratista. \u201cAhora si tenemos puente porque el acta ya est\u00e1 firmada. Estamos agradecidos con el Alcalde por prestarnos atenci\u00f3n. Est\u00e1 es una v\u00eda fundamental para todos los que vivimos aqu\u00ed\u00bb, indic\u00f3 el presidente de la JAC Gaviotas.<br \/>\nEl secretario de Infraestructura, Edgar Mar\u00edn, explic\u00f3 que el nuevo puente que une a Las Gaviotas con el 13 de Junio tendr\u00e1 una mayor secci\u00f3n de 30 metros de ancho por 2.5 metros de profundidad, atendiendo las recomendaciones del Plan Maestro de Drenajes Pluviales.<br \/>\nEl PNT (Plan de Manejo de Tr\u00e1nsito) construido en coordinaci\u00f3n con el DATT determina que los cartageneros que normalmente transitan por el puente, mientras se realizan las obras, deber\u00e1n desviarse por la avenida Pedro Romero. \u00bb As\u00ed mismo, contar\u00e1n con el acompa\u00f1amiento de reguladores de tr\u00e1nsito permanente\u00bb, concluy\u00f3.<br \/>\nComunicado 475<\/p>\n","protected":false},"excerpt":{"rendered":"<p>Para el alcalde, Pedrito Pereira Caballero, la petici\u00f3n de la comunidad de Las Gaviotas y 13 de Junio de intervenir el puente que une ambos barrios ha sido una prioridad durante su administraci\u00f3n. Hoy, con la firma del acta de inicio de obra, finaliza la espera de m\u00e1s de 20 a\u00f1os de los vecinos, mejorando su comunicaci\u00f3n y garantizando la movilidad peatonal y vehicular con seguridad. \u00abPara mi gobierno ha sido prioridad fortalecer la calidad de vida de los vecinos de este sector. Nos comprometimos con la comunidad y le&#8230; <\/p>\n","protected":false},"author":3,"featured_media":30874,"comment_status":"open","ping_status":"closed","sticky":false,"template":"","format":"standard","meta":{"footnotes":"","_links_to":"","_links_to_target":""},"categories":[75,32,87],"tags":[],"class_list":["post-30873","post","type-post","status-publish","format-standard","has-post-thumbnail","hentry","category-destacada","category-actualidad-distrito","category-movilidad"],"_links":{"self":[{"href":"https:\/\/revistazetta.com\/index.php?rest_route=\/wp\/v2\/posts\/30873","targetHints":{"allow":["GET"]}}],"collection":[{"href":"https:\/\/revistazetta.com\/index.php?rest_route=\/wp\/v2\/posts"}],"about":[{"href":"https:\/\/revistazetta.com\/index.php?rest_route=\/wp\/v2\/types\/post"}],"author":[{"embeddable":true,"href":"https:\/\/revistazetta.com\/index.php?rest_route=\/wp\/v2\/users\/3"}],"replies":[{"embeddable":true,"href":"https:\/\/revistazetta.com\/index.php?rest_route=%2Fwp%2Fv2%2Fcomments&post=30873"}],"version-history":[{"count":0,"href":"https:\/\/revistazetta.com\/index.php?rest_route=\/wp\/v2\/posts\/30873\/revisions"}],"wp:featuredmedia":[{"embeddable":true,"href":"https:\/\/revistazetta.com\/index.php?rest_route=\/wp\/v2\/media\/30874"}],"wp:attachment":[{"href":"https:\/\/revistazetta.com\/index.php?rest_route=%2Fwp%2Fv2%2Fmedia&parent=30873"}],"wp:term":[{"taxonomy":"category","embeddable":true,"href":"https:\/\/revistazetta.com\/index.php?rest_route=%2Fwp%2Fv2%2Fcategories&post=30873"},{"taxonomy":"post_tag","embeddable":true,"href":"https:\/\/revistazetta.com\/index.php?rest_route=%2Fwp%2Fv2%2Ftags&post=30873"}],"curies":[{"name":"wp","href":"https:\/\/api.w.org\/{rel}","templated":true}]}}