{"id":30875,"date":"2019-07-15T07:10:17","date_gmt":"2019-07-15T12:10:17","guid":{"rendered":"http:\/\/www.revistazetta.com\/?p=30875"},"modified":"2019-07-15T07:10:37","modified_gmt":"2019-07-15T12:10:37","slug":"cai-san-lazaro-del-pie-la-popa-estara-listo-octubre","status":"publish","type":"post","link":"https:\/\/revistazetta.com\/?p=30875","title":{"rendered":"CAI San L\u00e1zaro del Pie de La Popa estar\u00e1 listo en octubre"},"content":{"rendered":"<p>Con el firme compromiso de garantizar la seguridad en la ciudad y fortalecer la institucionalidad, pilares fundamentales que asumi\u00f3 en su encargo, el alcalde, Pedrito Pereira Caballero, inspeccion\u00f3 en la ma\u00f1ana de hoy la construcci\u00f3n del CAI de San L\u00e1zaro ( Pie de la Popa).<br \/>\n\u00abVeo que va a buen ritmo la construcci\u00f3n del CAI. Adem\u00e1s, hay un buen n\u00famero obreros al frente de la obra y los ingenieros de Distriseguridad y Edurbe est\u00e1n monitoreando constantemente. Ya est\u00e1n listos los cimientos y las zapatas\u00bb, precis\u00f3 Pedrito Pereira Caballero.<br \/>\nDe igual forma, el mandatario resalt\u00f3 que el Centro de Atenci\u00f3n Inmediata (CAI) de la avenida de los El Lago se entregar\u00e1 en 3 meses.<br \/>\n\u00abLa construcci\u00f3n avanza gracias al trabajo articulado del Distrito, Distriseguridad, Polic\u00eda Nacional y los vecinos, representados por Asopopa, quienes son veedores de la obra. A este ritmo, a finales de octubre estamos entregando el CAI\u00bb, indic\u00f3 .<br \/>\nEl Alcalde tambi\u00e9n destac\u00f3 que la avenida de El Lago es una zona estrat\u00e9gica, un corredor que se est\u00e1 recuperando con una buena inversi\u00f3n. \u00abEst\u00e1 el complejo de Raquetas, la biblioteca y ahora el CAI. Le estamos cumpliendo a la comunidad. Yo tengo un gran sentimiento de aprecio por los habitantes de esta zona donde tengo muchos amigos\u201d, resalt\u00f3.<br \/>\nLa comunidad del Pie de La Popa llevaba 13 a\u00f1os esperando una soluci\u00f3n contundente a sus problemas de inseguridad con la construcci\u00f3n del CAI en la avenida de El Lago para mejorar la log\u00edstica de los organismos de seguridad en el sector.<br \/>\n\u00abNosotros como Asopopa estamos realizando veedur\u00eda y revisiones peri\u00f3dicas a la obra. Sabemos que este es un aporte importante de la administraci\u00f3n para la seguridad y tranquilidad de los habitantes del sector\u00bb, indic\u00f3 Cesil Botero, miembro de Asopopa.<br \/>\nPor su parte, el director de Distriseguridad, Gabriel Vergara Lagos, inform\u00f3 que con la Polic\u00eda Nacional se concert\u00f3 una relocalizaci\u00f3n que fue aprobada por el comit\u00e9 de seguimiento. \u201cAvanzamos a buen ritmo\u201d<br \/>\nEl CAI se entregar\u00e1 en 3 meses y tendr\u00e1 vidrios blindados, c\u00e1maras de seguridad y todas las especificaciones de la Polic\u00eda Nacional para la seguridad de los agentes.<\/p>\n","protected":false},"excerpt":{"rendered":"<p>Con el firme compromiso de garantizar la seguridad en la ciudad y fortalecer la institucionalidad, pilares fundamentales que asumi\u00f3 en su encargo, el alcalde, Pedrito Pereira Caballero, inspeccion\u00f3 en la ma\u00f1ana de hoy la construcci\u00f3n del CAI de San L\u00e1zaro ( Pie de la Popa). \u00abVeo que va a buen ritmo la construcci\u00f3n del CAI. Adem\u00e1s, hay un buen n\u00famero obreros al frente de la obra y los ingenieros de Distriseguridad y Edurbe est\u00e1n monitoreando constantemente. Ya est\u00e1n listos los cimientos y las zapatas\u00bb, precis\u00f3 Pedrito Pereira Caballero. De igual&#8230; <\/p>\n","protected":false},"author":3,"featured_media":30876,"comment_status":"open","ping_status":"closed","sticky":false,"template":"","format":"standard","meta":{"footnotes":"","_links_to":"","_links_to_target":""},"categories":[75,32,88],"tags":[],"class_list":["post-30875","post","type-post","status-publish","format-standard","has-post-thumbnail","hentry","category-destacada","category-actualidad-distrito","category-seguridad"],"_links":{"self":[{"href":"https:\/\/revistazetta.com\/index.php?rest_route=\/wp\/v2\/posts\/30875","targetHints":{"allow":["GET"]}}],"collection":[{"href":"https:\/\/revistazetta.com\/index.php?rest_route=\/wp\/v2\/posts"}],"about":[{"href":"https:\/\/revistazetta.com\/index.php?rest_route=\/wp\/v2\/types\/post"}],"author":[{"embeddable":true,"href":"https:\/\/revistazetta.com\/index.php?rest_route=\/wp\/v2\/users\/3"}],"replies":[{"embeddable":true,"href":"https:\/\/revistazetta.com\/index.php?rest_route=%2Fwp%2Fv2%2Fcomments&post=30875"}],"version-history":[{"count":0,"href":"https:\/\/revistazetta.com\/index.php?rest_route=\/wp\/v2\/posts\/30875\/revisions"}],"wp:featuredmedia":[{"embeddable":true,"href":"https:\/\/revistazetta.com\/index.php?rest_route=\/wp\/v2\/media\/30876"}],"wp:attachment":[{"href":"https:\/\/revistazetta.com\/index.php?rest_route=%2Fwp%2Fv2%2Fmedia&parent=30875"}],"wp:term":[{"taxonomy":"category","embeddable":true,"href":"https:\/\/revistazetta.com\/index.php?rest_route=%2Fwp%2Fv2%2Fcategories&post=30875"},{"taxonomy":"post_tag","embeddable":true,"href":"https:\/\/revistazetta.com\/index.php?rest_route=%2Fwp%2Fv2%2Ftags&post=30875"}],"curies":[{"name":"wp","href":"https:\/\/api.w.org\/{rel}","templated":true}]}}