{"id":30877,"date":"2019-07-15T07:39:53","date_gmt":"2019-07-15T12:39:53","guid":{"rendered":"http:\/\/www.revistazetta.com\/?p=30877"},"modified":"2019-07-15T07:39:53","modified_gmt":"2019-07-15T12:39:53","slug":"orbita-politica-john-zamora-15-julio-2019","status":"publish","type":"post","link":"https:\/\/revistazetta.com\/?p=30877","title":{"rendered":"\u00d3rbita Pol\u00edtica de John Zamora &#8211; 15 de julio 2019"},"content":{"rendered":"<p><strong>Goverenaci\u00f3n\u2026\u00a0 \u2026es con b de burro<\/strong><\/p>\n<p>Un curioso rifirafe confirm\u00f3 que en Cambio Radical son agua y aceite las fuerzas que representan el candidato a la Gobernaci\u00f3n Hernando Padau\u00ed y el dirigente Dus\u00e1n V\u00e9lez Trujillo, quien le envi\u00f3 un duro mensaje por Twitter:<\/p>\n<p>(sic) \u201cEn @CambioRadical est\u00e1 el se\u00f1or @nandopadau\u00ed aspirando a la goverenacion de bol\u00edvar y su poco de tr\u00e1muyeos en forma, ah\u00ed van otros pedgados, no hay la m\u00ednima posibilidad que apoye esa candidatura!\u201d<\/p>\n<p>De inmediato, el aludido ripost\u00f3: \u201cGobernaci\u00f3n es con b de burro\u201d.<\/p>\n<p>Al darse cuenta del \u201cpapayazo\u201d que dio, Dus\u00e1n trat\u00f3 de arreglarla asi: \u201cTiene raz\u00f3n el se\u00f1or @nandopadaui; es claro que es un error al teclear. Como no es \u201ctramuyeo\u201d. Es TRAMUYO\u201d.<\/p>\n<p>Interpret\u00e1ndolos a los dos: uno le dijo burro y el otro le dijo tramuyero.<\/p>\n<p>&nbsp;<\/p>\n<p><strong>Terna en la nevera<\/strong><\/p>\n<p>La \u201cnevera\u201d es un t\u00e9rmino que los coste\u00f1os acu\u00f1amos para designar a la fr\u00eda Bogot\u00e1, y en una nevera parece haber entrado la terna presentada por el partido Conservador para la Alcald\u00eda de Cartagena.<\/p>\n<p>Han pasado un par de semanas y ning\u00fan dirigente azul ha insistido \u2013por lo menos en p\u00fablico-, y en la Casa de Nari\u00f1o nadie le concede prioridad al tema, lo que da pie a que se mantengan las hip\u00f3tesis de una \u201cratificaci\u00f3n por indiferencia\u201d.<\/p>\n<p>&nbsp;<\/p>\n<p><strong>Fernando Ara\u00fajo en los barrios<\/strong><\/p>\n<p>Mientras llega el resultado de la revisi\u00f3n de las 180 mil firmas que present\u00f3 a la Registradur\u00eda, Fernando Ara\u00fajo ha concentrado su agenda en los barrios, donde el di\u00e1logo gira en torno al cambio. \u201cYo estoy listo para el cambio, \u00bfy t\u00fa?\u201d les dice a las diferentes comunidades que visita. Y anota un punto b\u00e1sico: EL primer paso para un verdadero cambio es trabajar con el coraz\u00f3n.<\/p>\n<p>&nbsp;<\/p>\n","protected":false},"excerpt":{"rendered":"<p>Goverenaci\u00f3n\u2026\u00a0 \u2026es con b de burro Un curioso rifirafe confirm\u00f3 que en Cambio Radical son agua y aceite las fuerzas que representan el candidato a la Gobernaci\u00f3n Hernando Padau\u00ed y el dirigente Dus\u00e1n V\u00e9lez Trujillo, quien le envi\u00f3 un duro mensaje por Twitter: (sic) \u201cEn @CambioRadical est\u00e1 el se\u00f1or @nandopadau\u00ed aspirando a la goverenacion de bol\u00edvar y su poco de tr\u00e1muyeos en forma, ah\u00ed van otros pedgados, no hay la m\u00ednima posibilidad que apoye esa candidatura!\u201d De inmediato, el aludido ripost\u00f3: \u201cGobernaci\u00f3n es con b de burro\u201d. Al darse cuenta&#8230; <\/p>\n","protected":false},"author":3,"featured_media":30878,"comment_status":"open","ping_status":"closed","sticky":false,"template":"","format":"standard","meta":{"footnotes":"","_links_to":"","_links_to_target":""},"categories":[75,44,45],"tags":[],"class_list":["post-30877","post","type-post","status-publish","format-standard","has-post-thumbnail","hentry","category-destacada","category-materiagris","category-orbita"],"_links":{"self":[{"href":"https:\/\/revistazetta.com\/index.php?rest_route=\/wp\/v2\/posts\/30877","targetHints":{"allow":["GET"]}}],"collection":[{"href":"https:\/\/revistazetta.com\/index.php?rest_route=\/wp\/v2\/posts"}],"about":[{"href":"https:\/\/revistazetta.com\/index.php?rest_route=\/wp\/v2\/types\/post"}],"author":[{"embeddable":true,"href":"https:\/\/revistazetta.com\/index.php?rest_route=\/wp\/v2\/users\/3"}],"replies":[{"embeddable":true,"href":"https:\/\/revistazetta.com\/index.php?rest_route=%2Fwp%2Fv2%2Fcomments&post=30877"}],"version-history":[{"count":0,"href":"https:\/\/revistazetta.com\/index.php?rest_route=\/wp\/v2\/posts\/30877\/revisions"}],"wp:featuredmedia":[{"embeddable":true,"href":"https:\/\/revistazetta.com\/index.php?rest_route=\/wp\/v2\/media\/30878"}],"wp:attachment":[{"href":"https:\/\/revistazetta.com\/index.php?rest_route=%2Fwp%2Fv2%2Fmedia&parent=30877"}],"wp:term":[{"taxonomy":"category","embeddable":true,"href":"https:\/\/revistazetta.com\/index.php?rest_route=%2Fwp%2Fv2%2Fcategories&post=30877"},{"taxonomy":"post_tag","embeddable":true,"href":"https:\/\/revistazetta.com\/index.php?rest_route=%2Fwp%2Fv2%2Ftags&post=30877"}],"curies":[{"name":"wp","href":"https:\/\/api.w.org\/{rel}","templated":true}]}}